{"id":8024,"date":"2016-11-08T14:00:54","date_gmt":"2016-11-08T12:00:54","guid":{"rendered":"http:\/\/palusaluklubi.ee\/?p=8024"},"modified":"2016-11-08T14:00:54","modified_gmt":"2016-11-08T12:00:54","slug":"evf-karikavoistluste-tsooniturniir-tutarlaste-u-18b-vanusaklassile","status":"publish","type":"post","link":"https:\/\/palusalusk.ee\/en\/evf-karikavoistluste-tsooniturniir-tutarlaste-u-18b-vanusaklassile\/","title":{"rendered":"EVF Karikav\u00f5istluste tsooniturniir t\u00fctarlaste U 18(B) vanusaklassile"},"content":{"rendered":"<p>4 &#8211; 6 novembril 2016. toimusid EVF V\u00f5rkpalli Karikav\u00f5istluste tsooniturniirid t\u00fctarlaste U 18 (B) vanuseklassile.<\/p>\n<p>Meie klubi t\u00fctarlaste v\u00f5istkond m\u00e4ngis II tsooniturniiril, kus m\u00e4ngiti v\u00e4ga h\u00e4sti. Saavutasime turniiri v\u00f5idu ja seega\u00a0 <strong>I koha.<\/strong><\/p>\n<p>Sellega tulemusega\u00a0 j\u00f5udsime \u00fclemineku m\u00e4ngudele , kus eduka esinemise korral on v\u00f5imalus j\u00f5uda finaalturniiril I gruppi ja hakata v\u00f5itlema oma vanusaklassi Eesti Karikav\u00f5idu eest.<\/p>\n<p>\u00d5nnitlused t\u00fcdrukutele ja nende treenerile!<\/p>\n<p>Soovime Teile\u00a0 edu j\u00e4rgnevateks turniirideks !<\/p>\n<p>Tsooniturniiride paremusj\u00e4rjestused:<\/p>\n<p><a href=\"https:\/\/palusaluklubi.ee\/wp-content\/uploads\/2016\/11\/b-2016-EKV-fin.gr_.par_.pdf\" rel=\"\">b-2016-ekv-fin-gr-par<\/a><\/p>\n<p>Karikav\u00f5istluste juhend:<\/p>\n<p><a href=\"https:\/\/palusaluklubi.ee\/wp-content\/uploads\/2016\/11\/B-EVF-KV-2017-juhend.pdf\" rel=\"\">b-evf-kv-2017-juhend<\/a><\/p>\n<p>&nbsp;<\/p>\n<input class=\"fooboxshare_post_id\" type=\"hidden\" value=\"8024\"\/>","protected":false},"excerpt":{"rendered":"<p>4 &#8211; 6 novembril 2016. toimusid EVF V\u00f5rkpalli Karikav\u00f5istluste tsooniturniirid t\u00fctarlaste U 18 (B) vanuseklassile. Meie klubi t\u00fctarlaste v\u00f5istkond m\u00e4ngis II tsooniturniiril, kus m\u00e4ngiti v\u00e4ga h\u00e4sti. Saavutasime turniiri v\u00f5idu ja seega\u00a0 I koha. Sellega tulemusega\u00a0 j\u00f5udsime \u00fclemineku m\u00e4ngudele , kus eduka esinemise korral on v\u00f5imalus j\u00f5uda finaalturniiril I gruppi ja hakata v\u00f5itlema oma vanusaklassi Eesti [&hellip;]<\/p>\n","protected":false},"author":2,"featured_media":5229,"comment_status":"closed","ping_status":"closed","sticky":false,"template":"","format":"standard","meta":{"footnotes":""},"categories":[33],"tags":[],"class_list":["post-8024","post","type-post","status-publish","format-standard","has-post-thumbnail","hentry","category-uudised"],"yoast_head":"<!-- This site is optimized with the Yoast SEO plugin v27.5 - https:\/\/yoast.com\/product\/yoast-seo-wordpress\/ -->\n<title>EVF Karikav\u00f5istluste tsooniturniir t\u00fctarlaste U 18(B) vanusaklassile - Kristjan Palusalu Spordiklubi<\/title>\n<meta name=\"robots\" content=\"index, follow, max-snippet:-1, max-image-preview:large, max-video-preview:-1\" \/>\n<link rel=\"canonical\" href=\"https:\/\/palusalusk.ee\/en\/evf-karikavoistluste-tsooniturniir-tutarlaste-u-18b-vanusaklassile\/\" \/>\n<meta property=\"og:locale\" content=\"en_US\" \/>\n<meta property=\"og:type\" content=\"article\" \/>\n<meta property=\"og:title\" content=\"EVF Karikav\u00f5istluste tsooniturniir t\u00fctarlaste U 18(B) vanusaklassile - Kristjan Palusalu Spordiklubi\" \/>\n<meta property=\"og:description\" content=\"4 &#8211; 6 novembril 2016. toimusid EVF V\u00f5rkpalli Karikav\u00f5istluste tsooniturniirid t\u00fctarlaste U 18 (B) vanuseklassile. Meie klubi t\u00fctarlaste v\u00f5istkond m\u00e4ngis II tsooniturniiril, kus m\u00e4ngiti v\u00e4ga h\u00e4sti. Saavutasime turniiri v\u00f5idu ja seega\u00a0 I koha. Sellega tulemusega\u00a0 j\u00f5udsime \u00fclemineku m\u00e4ngudele , kus eduka esinemise korral on v\u00f5imalus j\u00f5uda finaalturniiril I gruppi ja hakata v\u00f5itlema oma vanusaklassi Eesti [&hellip;]\" \/>\n<meta property=\"og:url\" content=\"https:\/\/palusalusk.ee\/en\/evf-karikavoistluste-tsooniturniir-tutarlaste-u-18b-vanusaklassile\/\" \/>\n<meta property=\"og:site_name\" content=\"Kristjan Palusalu Spordiklubi\" \/>\n<meta property=\"article:published_time\" content=\"2016-11-08T12:00:54+00:00\" \/>\n<meta property=\"og:image\" content=\"https:\/\/palusalusk.ee\/wp-content\/uploads\/2015\/09\/v\u00f5rkpall.jpg\" \/>\n\t<meta property=\"og:image:width\" content=\"960\" \/>\n\t<meta property=\"og:image:height\" content=\"540\" \/>\n\t<meta property=\"og:image:type\" content=\"image\/jpeg\" \/>\n<meta name=\"author\" content=\"Sven Vooglaid\" \/>\n<meta name=\"twitter:label1\" content=\"Written by\" \/>\n\t<meta name=\"twitter:data1\" content=\"Sven Vooglaid\" \/>\n<script type=\"application\/ld+json\" class=\"yoast-schema-graph\">{\"@context\":\"https:\\\/\\\/schema.org\",\"@graph\":[{\"@type\":\"Article\",\"@id\":\"https:\\\/\\\/palusalusk.ee\\\/evf-karikavoistluste-tsooniturniir-tutarlaste-u-18b-vanusaklassile\\\/#article\",\"isPartOf\":{\"@id\":\"https:\\\/\\\/palusalusk.ee\\\/evf-karikavoistluste-tsooniturniir-tutarlaste-u-18b-vanusaklassile\\\/\"},\"author\":{\"name\":\"Sven Vooglaid\",\"@id\":\"https:\\\/\\\/palusalusk.ee\\\/#\\\/schema\\\/person\\\/3c4c182fea786be303f3f8bd43e1dd83\"},\"headline\":\"EVF Karikav\u00f5istluste tsooniturniir t\u00fctarlaste U 18(B) vanusaklassile\",\"datePublished\":\"2016-11-08T12:00:54+00:00\",\"mainEntityOfPage\":{\"@id\":\"https:\\\/\\\/palusalusk.ee\\\/evf-karikavoistluste-tsooniturniir-tutarlaste-u-18b-vanusaklassile\\\/\"},\"wordCount\":100,\"image\":{\"@id\":\"https:\\\/\\\/palusalusk.ee\\\/evf-karikavoistluste-tsooniturniir-tutarlaste-u-18b-vanusaklassile\\\/#primaryimage\"},\"thumbnailUrl\":\"https:\\\/\\\/palusalusk.ee\\\/wp-content\\\/uploads\\\/2015\\\/09\\\/v\u00f5rkpall.jpg\",\"articleSection\":[\"Uudised\"],\"inLanguage\":\"en-US\"},{\"@type\":\"WebPage\",\"@id\":\"https:\\\/\\\/palusalusk.ee\\\/evf-karikavoistluste-tsooniturniir-tutarlaste-u-18b-vanusaklassile\\\/\",\"url\":\"https:\\\/\\\/palusalusk.ee\\\/evf-karikavoistluste-tsooniturniir-tutarlaste-u-18b-vanusaklassile\\\/\",\"name\":\"EVF Karikav\u00f5istluste tsooniturniir t\u00fctarlaste U 18(B) vanusaklassile - Kristjan Palusalu Spordiklubi\",\"isPartOf\":{\"@id\":\"https:\\\/\\\/palusalusk.ee\\\/#website\"},\"primaryImageOfPage\":{\"@id\":\"https:\\\/\\\/palusalusk.ee\\\/evf-karikavoistluste-tsooniturniir-tutarlaste-u-18b-vanusaklassile\\\/#primaryimage\"},\"image\":{\"@id\":\"https:\\\/\\\/palusalusk.ee\\\/evf-karikavoistluste-tsooniturniir-tutarlaste-u-18b-vanusaklassile\\\/#primaryimage\"},\"thumbnailUrl\":\"https:\\\/\\\/palusalusk.ee\\\/wp-content\\\/uploads\\\/2015\\\/09\\\/v\u00f5rkpall.jpg\",\"datePublished\":\"2016-11-08T12:00:54+00:00\",\"author\":{\"@id\":\"https:\\\/\\\/palusalusk.ee\\\/#\\\/schema\\\/person\\\/3c4c182fea786be303f3f8bd43e1dd83\"},\"breadcrumb\":{\"@id\":\"https:\\\/\\\/palusalusk.ee\\\/evf-karikavoistluste-tsooniturniir-tutarlaste-u-18b-vanusaklassile\\\/#breadcrumb\"},\"inLanguage\":\"en-US\",\"potentialAction\":[{\"@type\":\"ReadAction\",\"target\":[\"https:\\\/\\\/palusalusk.ee\\\/evf-karikavoistluste-tsooniturniir-tutarlaste-u-18b-vanusaklassile\\\/\"]}]},{\"@type\":\"ImageObject\",\"inLanguage\":\"en-US\",\"@id\":\"https:\\\/\\\/palusalusk.ee\\\/evf-karikavoistluste-tsooniturniir-tutarlaste-u-18b-vanusaklassile\\\/#primaryimage\",\"url\":\"https:\\\/\\\/palusalusk.ee\\\/wp-content\\\/uploads\\\/2015\\\/09\\\/v\u00f5rkpall.jpg\",\"contentUrl\":\"https:\\\/\\\/palusalusk.ee\\\/wp-content\\\/uploads\\\/2015\\\/09\\\/v\u00f5rkpall.jpg\",\"width\":960,\"height\":540},{\"@type\":\"BreadcrumbList\",\"@id\":\"https:\\\/\\\/palusalusk.ee\\\/evf-karikavoistluste-tsooniturniir-tutarlaste-u-18b-vanusaklassile\\\/#breadcrumb\",\"itemListElement\":[{\"@type\":\"ListItem\",\"position\":1,\"name\":\"Home\",\"item\":\"https:\\\/\\\/palusalusk.ee\\\/avaleht\\\/\"},{\"@type\":\"ListItem\",\"position\":2,\"name\":\"EVF Karikav\u00f5istluste tsooniturniir t\u00fctarlaste U 18(B) vanusaklassile\"}]},{\"@type\":\"WebSite\",\"@id\":\"https:\\\/\\\/palusalusk.ee\\\/#website\",\"url\":\"https:\\\/\\\/palusalusk.ee\\\/\",\"name\":\"Kristjan Palusalu Spordiklubi\",\"description\":\"J\u00e4rjekordne WordPressi veebileht\",\"potentialAction\":[{\"@type\":\"SearchAction\",\"target\":{\"@type\":\"EntryPoint\",\"urlTemplate\":\"https:\\\/\\\/palusalusk.ee\\\/?s={search_term_string}\"},\"query-input\":{\"@type\":\"PropertyValueSpecification\",\"valueRequired\":true,\"valueName\":\"search_term_string\"}}],\"inLanguage\":\"en-US\"},{\"@type\":\"Person\",\"@id\":\"https:\\\/\\\/palusalusk.ee\\\/#\\\/schema\\\/person\\\/3c4c182fea786be303f3f8bd43e1dd83\",\"name\":\"Sven Vooglaid\",\"image\":{\"@type\":\"ImageObject\",\"inLanguage\":\"en-US\",\"@id\":\"https:\\\/\\\/secure.gravatar.com\\\/avatar\\\/901754264a5a5c434593398940b7417877c97a03816bc8025f0ae7749aefddb1?s=96&d=mm&r=g\",\"url\":\"https:\\\/\\\/secure.gravatar.com\\\/avatar\\\/901754264a5a5c434593398940b7417877c97a03816bc8025f0ae7749aefddb1?s=96&d=mm&r=g\",\"contentUrl\":\"https:\\\/\\\/secure.gravatar.com\\\/avatar\\\/901754264a5a5c434593398940b7417877c97a03816bc8025f0ae7749aefddb1?s=96&d=mm&r=g\",\"caption\":\"Sven Vooglaid\"}}]}<\/script>\n<!-- \/ Yoast SEO plugin. -->","yoast_head_json":{"title":"EVF Karikav\u00f5istluste tsooniturniir t\u00fctarlaste U 18(B) vanusaklassile - Kristjan Palusalu Spordiklubi","robots":{"index":"index","follow":"follow","max-snippet":"max-snippet:-1","max-image-preview":"max-image-preview:large","max-video-preview":"max-video-preview:-1"},"canonical":"https:\/\/palusalusk.ee\/en\/evf-karikavoistluste-tsooniturniir-tutarlaste-u-18b-vanusaklassile\/","og_locale":"en_US","og_type":"article","og_title":"EVF Karikav\u00f5istluste tsooniturniir t\u00fctarlaste U 18(B) vanusaklassile - Kristjan Palusalu Spordiklubi","og_description":"4 &#8211; 6 novembril 2016. toimusid EVF V\u00f5rkpalli Karikav\u00f5istluste tsooniturniirid t\u00fctarlaste U 18 (B) vanuseklassile. Meie klubi t\u00fctarlaste v\u00f5istkond m\u00e4ngis II tsooniturniiril, kus m\u00e4ngiti v\u00e4ga h\u00e4sti. Saavutasime turniiri v\u00f5idu ja seega\u00a0 I koha. Sellega tulemusega\u00a0 j\u00f5udsime \u00fclemineku m\u00e4ngudele , kus eduka esinemise korral on v\u00f5imalus j\u00f5uda finaalturniiril I gruppi ja hakata v\u00f5itlema oma vanusaklassi Eesti [&hellip;]","og_url":"https:\/\/palusalusk.ee\/en\/evf-karikavoistluste-tsooniturniir-tutarlaste-u-18b-vanusaklassile\/","og_site_name":"Kristjan Palusalu Spordiklubi","article_published_time":"2016-11-08T12:00:54+00:00","og_image":[{"width":960,"height":540,"url":"https:\/\/palusalusk.ee\/wp-content\/uploads\/2015\/09\/v\u00f5rkpall.jpg","type":"image\/jpeg"}],"author":"Sven Vooglaid","twitter_misc":{"Written by":"Sven Vooglaid"},"schema":{"@context":"https:\/\/schema.org","@graph":[{"@type":"Article","@id":"https:\/\/palusalusk.ee\/evf-karikavoistluste-tsooniturniir-tutarlaste-u-18b-vanusaklassile\/#article","isPartOf":{"@id":"https:\/\/palusalusk.ee\/evf-karikavoistluste-tsooniturniir-tutarlaste-u-18b-vanusaklassile\/"},"author":{"name":"Sven Vooglaid","@id":"https:\/\/palusalusk.ee\/#\/schema\/person\/3c4c182fea786be303f3f8bd43e1dd83"},"headline":"EVF Karikav\u00f5istluste tsooniturniir t\u00fctarlaste U 18(B) vanusaklassile","datePublished":"2016-11-08T12:00:54+00:00","mainEntityOfPage":{"@id":"https:\/\/palusalusk.ee\/evf-karikavoistluste-tsooniturniir-tutarlaste-u-18b-vanusaklassile\/"},"wordCount":100,"image":{"@id":"https:\/\/palusalusk.ee\/evf-karikavoistluste-tsooniturniir-tutarlaste-u-18b-vanusaklassile\/#primaryimage"},"thumbnailUrl":"https:\/\/palusalusk.ee\/wp-content\/uploads\/2015\/09\/v\u00f5rkpall.jpg","articleSection":["Uudised"],"inLanguage":"en-US"},{"@type":"WebPage","@id":"https:\/\/palusalusk.ee\/evf-karikavoistluste-tsooniturniir-tutarlaste-u-18b-vanusaklassile\/","url":"https:\/\/palusalusk.ee\/evf-karikavoistluste-tsooniturniir-tutarlaste-u-18b-vanusaklassile\/","name":"EVF Karikav\u00f5istluste tsooniturniir t\u00fctarlaste U 18(B) vanusaklassile - Kristjan Palusalu Spordiklubi","isPartOf":{"@id":"https:\/\/palusalusk.ee\/#website"},"primaryImageOfPage":{"@id":"https:\/\/palusalusk.ee\/evf-karikavoistluste-tsooniturniir-tutarlaste-u-18b-vanusaklassile\/#primaryimage"},"image":{"@id":"https:\/\/palusalusk.ee\/evf-karikavoistluste-tsooniturniir-tutarlaste-u-18b-vanusaklassile\/#primaryimage"},"thumbnailUrl":"https:\/\/palusalusk.ee\/wp-content\/uploads\/2015\/09\/v\u00f5rkpall.jpg","datePublished":"2016-11-08T12:00:54+00:00","author":{"@id":"https:\/\/palusalusk.ee\/#\/schema\/person\/3c4c182fea786be303f3f8bd43e1dd83"},"breadcrumb":{"@id":"https:\/\/palusalusk.ee\/evf-karikavoistluste-tsooniturniir-tutarlaste-u-18b-vanusaklassile\/#breadcrumb"},"inLanguage":"en-US","potentialAction":[{"@type":"ReadAction","target":["https:\/\/palusalusk.ee\/evf-karikavoistluste-tsooniturniir-tutarlaste-u-18b-vanusaklassile\/"]}]},{"@type":"ImageObject","inLanguage":"en-US","@id":"https:\/\/palusalusk.ee\/evf-karikavoistluste-tsooniturniir-tutarlaste-u-18b-vanusaklassile\/#primaryimage","url":"https:\/\/palusalusk.ee\/wp-content\/uploads\/2015\/09\/v\u00f5rkpall.jpg","contentUrl":"https:\/\/palusalusk.ee\/wp-content\/uploads\/2015\/09\/v\u00f5rkpall.jpg","width":960,"height":540},{"@type":"BreadcrumbList","@id":"https:\/\/palusalusk.ee\/evf-karikavoistluste-tsooniturniir-tutarlaste-u-18b-vanusaklassile\/#breadcrumb","itemListElement":[{"@type":"ListItem","position":1,"name":"Home","item":"https:\/\/palusalusk.ee\/avaleht\/"},{"@type":"ListItem","position":2,"name":"EVF Karikav\u00f5istluste tsooniturniir t\u00fctarlaste U 18(B) vanusaklassile"}]},{"@type":"WebSite","@id":"https:\/\/palusalusk.ee\/#website","url":"https:\/\/palusalusk.ee\/","name":"Kristjan Palusalu Spordiklubi","description":"J\u00e4rjekordne WordPressi veebileht","potentialAction":[{"@type":"SearchAction","target":{"@type":"EntryPoint","urlTemplate":"https:\/\/palusalusk.ee\/?s={search_term_string}"},"query-input":{"@type":"PropertyValueSpecification","valueRequired":true,"valueName":"search_term_string"}}],"inLanguage":"en-US"},{"@type":"Person","@id":"https:\/\/palusalusk.ee\/#\/schema\/person\/3c4c182fea786be303f3f8bd43e1dd83","name":"Sven Vooglaid","image":{"@type":"ImageObject","inLanguage":"en-US","@id":"https:\/\/secure.gravatar.com\/avatar\/901754264a5a5c434593398940b7417877c97a03816bc8025f0ae7749aefddb1?s=96&d=mm&r=g","url":"https:\/\/secure.gravatar.com\/avatar\/901754264a5a5c434593398940b7417877c97a03816bc8025f0ae7749aefddb1?s=96&d=mm&r=g","contentUrl":"https:\/\/secure.gravatar.com\/avatar\/901754264a5a5c434593398940b7417877c97a03816bc8025f0ae7749aefddb1?s=96&d=mm&r=g","caption":"Sven Vooglaid"}}]}},"_links":{"self":[{"href":"https:\/\/palusalusk.ee\/en\/wp-json\/wp\/v2\/posts\/8024","targetHints":{"allow":["GET"]}}],"collection":[{"href":"https:\/\/palusalusk.ee\/en\/wp-json\/wp\/v2\/posts"}],"about":[{"href":"https:\/\/palusalusk.ee\/en\/wp-json\/wp\/v2\/types\/post"}],"author":[{"embeddable":true,"href":"https:\/\/palusalusk.ee\/en\/wp-json\/wp\/v2\/users\/2"}],"replies":[{"embeddable":true,"href":"https:\/\/palusalusk.ee\/en\/wp-json\/wp\/v2\/comments?post=8024"}],"version-history":[{"count":1,"href":"https:\/\/palusalusk.ee\/en\/wp-json\/wp\/v2\/posts\/8024\/revisions"}],"predecessor-version":[{"id":8027,"href":"https:\/\/palusalusk.ee\/en\/wp-json\/wp\/v2\/posts\/8024\/revisions\/8027"}],"wp:featuredmedia":[{"embeddable":true,"href":"https:\/\/palusalusk.ee\/en\/wp-json\/wp\/v2\/media\/5229"}],"wp:attachment":[{"href":"https:\/\/palusalusk.ee\/en\/wp-json\/wp\/v2\/media?parent=8024"}],"wp:term":[{"taxonomy":"category","embeddable":true,"href":"https:\/\/palusalusk.ee\/en\/wp-json\/wp\/v2\/categories?post=8024"},{"taxonomy":"post_tag","embeddable":true,"href":"https:\/\/palusalusk.ee\/en\/wp-json\/wp\/v2\/tags?post=8024"}],"curies":[{"name":"wp","href":"https:\/\/api.w.org\/{rel}","templated":true}]}}