{"id":20110,"date":"2026-04-26T15:05:27","date_gmt":"2026-04-26T12:05:27","guid":{"rendered":"https:\/\/palusalusk.ee\/?p=20110"},"modified":"2026-04-26T15:34:13","modified_gmt":"2026-04-26T12:34:13","slug":"laste-karikas-ii-etapp-sole-spordikeskuse-ujulas-26-04-2026-a","status":"publish","type":"post","link":"https:\/\/palusalusk.ee\/en\/laste-karikas-ii-etapp-sole-spordikeskuse-ujulas-26-04-2026-a\/","title":{"rendered":"Laste Karikas II etapp S\u00f5le Spordikeskuse ujulas , 26.04.2026.a."},"content":{"rendered":"<p>Sel n\u00e4dalavahetusel v\u00f5istlesid meie lubi lapsed veel \u00fchel v\u00f5istlusel.<\/p>\n<p><strong>Laste Karika II etapp toimus p\u00fchap\u00e4eval 26 aprillil S\u00f5le SK ujulas.<\/strong><\/p>\n<p>V\u00f5istlemas olid 219 last 12. erinevast spordiklubist.<\/p>\n<p>Ka sellel v\u00f5istlused ujusid meie klubi nooremad lapsed h\u00e4sti.<\/p>\n<p>Lapsed olid k\u00f5ik v\u00e4ga tublid\u00a0 ja j\u00e4llegi uuenesid\u00a0 isiklikud rekordid ujutud aladel !<\/p>\n<p>Klubi paremad tulemused saavutas\u00a0 v\u00f5istlusel <strong>Christine Sirel.\u00a0<\/strong><\/p>\n<p>Christine v\u00f5itis\u00a0 t\u00fcdrukute vanemas vanuseklassis II koha 100 m selili ja ka\u00a0 100 m\u00a0 kompleks ujumises v\u00e4ga heade tulemuste ja uute isiklike rekorditega !<\/p>\n<p>\u00d5nnitlused Christinele ja treener Artjomile !<\/p>\n<p>Vanuseklassi parimad vaata\u00a0<a href=\"https:\/\/palusalusk.ee\/wp-content\/uploads\/2026\/04\/T15-P15.pdf\"> <span style=\"color: #008000;\"><strong>SIIN<\/strong><\/span><\/a><\/p>\n<p>J\u00e4rgmiseks v\u00f5istluses\u00a0 klubi lastele on Pardikeste Finaal, mis toimud juba 09. mail Keila ujulas.<\/p>\n<p>Laste Karika j\u00e4rgmine III\u00a0 etapp toimub 30 mail S\u00f5le ujulas.<\/p>\n<p>Klubi laste tulemused vaata<span style=\"color: #333399;\"><strong>\u00a0 \u00a0SIIN<\/strong><\/span><\/p>\n<p>V\u00f5istlust tulemused vaat\u00a0<a href=\"https:\/\/palusalusk.ee\/wp-content\/uploads\/2026\/04\/Results-LK-II-Etapp-2026.pdf\"> <span style=\"color: #800080;\"><strong>SIIN<\/strong><\/span><\/a><\/p>\n<p><img loading=\"lazy\" decoding=\"async\" class=\"alignnone wp-image-20114\" src=\"https:\/\/palusalusk.ee\/wp-content\/uploads\/2026\/04\/IMG_5132-scaled.jpg\" alt=\"\" width=\"160\" height=\"303\" srcset=\"https:\/\/palusalusk.ee\/wp-content\/uploads\/2026\/04\/IMG_5132-scaled.jpg 1355w, https:\/\/palusalusk.ee\/wp-content\/uploads\/2026\/04\/IMG_5132-545x1030.jpg 545w, https:\/\/palusalusk.ee\/wp-content\/uploads\/2026\/04\/IMG_5132-768x1451.jpg 768w, https:\/\/palusalusk.ee\/wp-content\/uploads\/2026\/04\/IMG_5132-813x1536.jpg 813w, https:\/\/palusalusk.ee\/wp-content\/uploads\/2026\/04\/IMG_5132-373x705.jpg 373w\" sizes=\"auto, (max-width: 160px) 100vw, 160px\" \/> \u00a0 <img loading=\"lazy\" decoding=\"async\" class=\"alignnone wp-image-20115\" src=\"https:\/\/palusalusk.ee\/wp-content\/uploads\/2026\/04\/IMG_5124-scaled.jpg\" alt=\"\" width=\"389\" height=\"303\" srcset=\"https:\/\/palusalusk.ee\/wp-content\/uploads\/2026\/04\/IMG_5124-scaled.jpg 2560w, https:\/\/palusalusk.ee\/wp-content\/uploads\/2026\/04\/IMG_5124-1030x802.jpg 1030w, https:\/\/palusalusk.ee\/wp-content\/uploads\/2026\/04\/IMG_5124-768x598.jpg 768w, https:\/\/palusalusk.ee\/wp-content\/uploads\/2026\/04\/IMG_5124-1536x1196.jpg 1536w, https:\/\/palusalusk.ee\/wp-content\/uploads\/2026\/04\/IMG_5124-705x549.jpg 705w\" sizes=\"auto, (max-width: 389px) 100vw, 389px\" \/><\/p>\n<p>&nbsp;<\/p>\n<p>&nbsp;<\/p>\n<p>&nbsp;<\/p>\n<p>&nbsp;<\/p>\n<input class=\"fooboxshare_post_id\" type=\"hidden\" value=\"20110\"\/>","protected":false},"excerpt":{"rendered":"<p>Sel n\u00e4dalavahetusel v\u00f5istlesid meie lubi lapsed veel \u00fchel v\u00f5istlusel. Laste Karika II etapp toimus p\u00fchap\u00e4eval 26 aprillil S\u00f5le SK ujulas. V\u00f5istlemas olid 219 last 12. erinevast spordiklubist. Ka sellel v\u00f5istlused ujusid meie klubi nooremad lapsed h\u00e4sti. Lapsed olid k\u00f5ik v\u00e4ga tublid\u00a0 ja j\u00e4llegi uuenesid\u00a0 isiklikud rekordid ujutud aladel ! Klubi paremad tulemused saavutas\u00a0 v\u00f5istlusel Christine [&hellip;]<\/p>\n","protected":false},"author":2,"featured_media":20116,"comment_status":"closed","ping_status":"closed","sticky":false,"template":"","format":"image","meta":{"footnotes":""},"categories":[33],"tags":[],"class_list":["post-20110","post","type-post","status-publish","format-image","has-post-thumbnail","hentry","category-uudised","post_format-post-format-image"],"yoast_head":"<!-- This site is optimized with the Yoast SEO plugin v27.5 - https:\/\/yoast.com\/product\/yoast-seo-wordpress\/ -->\n<title>Laste Karikas II etapp S\u00f5le Spordikeskuse ujulas , 26.04.2026.a. - Kristjan Palusalu Spordiklubi<\/title>\n<meta name=\"robots\" content=\"index, follow, max-snippet:-1, max-image-preview:large, max-video-preview:-1\" \/>\n<link rel=\"canonical\" href=\"https:\/\/palusalusk.ee\/en\/laste-karikas-ii-etapp-sole-spordikeskuse-ujulas-26-04-2026-a\/\" \/>\n<meta property=\"og:locale\" content=\"en_US\" \/>\n<meta property=\"og:type\" content=\"article\" \/>\n<meta property=\"og:title\" content=\"Laste Karikas II etapp S\u00f5le Spordikeskuse ujulas , 26.04.2026.a. - Kristjan Palusalu Spordiklubi\" \/>\n<meta property=\"og:description\" content=\"Sel n\u00e4dalavahetusel v\u00f5istlesid meie lubi lapsed veel \u00fchel v\u00f5istlusel. Laste Karika II etapp toimus p\u00fchap\u00e4eval 26 aprillil S\u00f5le SK ujulas. V\u00f5istlemas olid 219 last 12. erinevast spordiklubist. Ka sellel v\u00f5istlused ujusid meie klubi nooremad lapsed h\u00e4sti. Lapsed olid k\u00f5ik v\u00e4ga tublid\u00a0 ja j\u00e4llegi uuenesid\u00a0 isiklikud rekordid ujutud aladel ! Klubi paremad tulemused saavutas\u00a0 v\u00f5istlusel Christine [&hellip;]\" \/>\n<meta property=\"og:url\" content=\"https:\/\/palusalusk.ee\/en\/laste-karikas-ii-etapp-sole-spordikeskuse-ujulas-26-04-2026-a\/\" \/>\n<meta property=\"og:site_name\" content=\"Kristjan Palusalu Spordiklubi\" \/>\n<meta property=\"article:published_time\" content=\"2026-04-26T12:05:27+00:00\" \/>\n<meta property=\"article:modified_time\" content=\"2026-04-26T12:34:13+00:00\" \/>\n<meta property=\"og:image\" content=\"https:\/\/palusalusk.ee\/wp-content\/uploads\/2026\/04\/IMG_5107-1030x752.jpg\" \/>\n\t<meta property=\"og:image:width\" content=\"1030\" \/>\n\t<meta property=\"og:image:height\" content=\"752\" \/>\n\t<meta property=\"og:image:type\" content=\"image\/jpeg\" \/>\n<meta name=\"author\" content=\"Sven Vooglaid\" \/>\n<meta name=\"twitter:label1\" content=\"Written by\" \/>\n\t<meta name=\"twitter:data1\" content=\"Sven Vooglaid\" \/>\n\t<meta name=\"twitter:label2\" content=\"Est. reading time\" \/>\n\t<meta name=\"twitter:data2\" content=\"1 minute\" \/>\n<script type=\"application\/ld+json\" class=\"yoast-schema-graph\">{\"@context\":\"https:\\\/\\\/schema.org\",\"@graph\":[{\"@type\":\"Article\",\"@id\":\"https:\\\/\\\/palusalusk.ee\\\/laste-karikas-ii-etapp-sole-spordikeskuse-ujulas-26-04-2026-a\\\/#article\",\"isPartOf\":{\"@id\":\"https:\\\/\\\/palusalusk.ee\\\/laste-karikas-ii-etapp-sole-spordikeskuse-ujulas-26-04-2026-a\\\/\"},\"author\":{\"name\":\"Sven Vooglaid\",\"@id\":\"https:\\\/\\\/palusalusk.ee\\\/#\\\/schema\\\/person\\\/3c4c182fea786be303f3f8bd43e1dd83\"},\"headline\":\"Laste Karikas II etapp S\u00f5le Spordikeskuse ujulas , 26.04.2026.a.\",\"datePublished\":\"2026-04-26T12:05:27+00:00\",\"dateModified\":\"2026-04-26T12:34:13+00:00\",\"mainEntityOfPage\":{\"@id\":\"https:\\\/\\\/palusalusk.ee\\\/laste-karikas-ii-etapp-sole-spordikeskuse-ujulas-26-04-2026-a\\\/\"},\"wordCount\":147,\"image\":{\"@id\":\"https:\\\/\\\/palusalusk.ee\\\/laste-karikas-ii-etapp-sole-spordikeskuse-ujulas-26-04-2026-a\\\/#primaryimage\"},\"thumbnailUrl\":\"https:\\\/\\\/palusalusk.ee\\\/wp-content\\\/uploads\\\/2026\\\/04\\\/IMG_5107-scaled.jpg\",\"articleSection\":[\"Uudised\"],\"inLanguage\":\"en-US\"},{\"@type\":\"WebPage\",\"@id\":\"https:\\\/\\\/palusalusk.ee\\\/laste-karikas-ii-etapp-sole-spordikeskuse-ujulas-26-04-2026-a\\\/\",\"url\":\"https:\\\/\\\/palusalusk.ee\\\/laste-karikas-ii-etapp-sole-spordikeskuse-ujulas-26-04-2026-a\\\/\",\"name\":\"Laste Karikas II etapp S\u00f5le Spordikeskuse ujulas , 26.04.2026.a. - Kristjan Palusalu Spordiklubi\",\"isPartOf\":{\"@id\":\"https:\\\/\\\/palusalusk.ee\\\/#website\"},\"primaryImageOfPage\":{\"@id\":\"https:\\\/\\\/palusalusk.ee\\\/laste-karikas-ii-etapp-sole-spordikeskuse-ujulas-26-04-2026-a\\\/#primaryimage\"},\"image\":{\"@id\":\"https:\\\/\\\/palusalusk.ee\\\/laste-karikas-ii-etapp-sole-spordikeskuse-ujulas-26-04-2026-a\\\/#primaryimage\"},\"thumbnailUrl\":\"https:\\\/\\\/palusalusk.ee\\\/wp-content\\\/uploads\\\/2026\\\/04\\\/IMG_5107-scaled.jpg\",\"datePublished\":\"2026-04-26T12:05:27+00:00\",\"dateModified\":\"2026-04-26T12:34:13+00:00\",\"author\":{\"@id\":\"https:\\\/\\\/palusalusk.ee\\\/#\\\/schema\\\/person\\\/3c4c182fea786be303f3f8bd43e1dd83\"},\"breadcrumb\":{\"@id\":\"https:\\\/\\\/palusalusk.ee\\\/laste-karikas-ii-etapp-sole-spordikeskuse-ujulas-26-04-2026-a\\\/#breadcrumb\"},\"inLanguage\":\"en-US\",\"potentialAction\":[{\"@type\":\"ReadAction\",\"target\":[\"https:\\\/\\\/palusalusk.ee\\\/laste-karikas-ii-etapp-sole-spordikeskuse-ujulas-26-04-2026-a\\\/\"]}]},{\"@type\":\"ImageObject\",\"inLanguage\":\"en-US\",\"@id\":\"https:\\\/\\\/palusalusk.ee\\\/laste-karikas-ii-etapp-sole-spordikeskuse-ujulas-26-04-2026-a\\\/#primaryimage\",\"url\":\"https:\\\/\\\/palusalusk.ee\\\/wp-content\\\/uploads\\\/2026\\\/04\\\/IMG_5107-scaled.jpg\",\"contentUrl\":\"https:\\\/\\\/palusalusk.ee\\\/wp-content\\\/uploads\\\/2026\\\/04\\\/IMG_5107-scaled.jpg\",\"width\":2560,\"height\":1870},{\"@type\":\"BreadcrumbList\",\"@id\":\"https:\\\/\\\/palusalusk.ee\\\/laste-karikas-ii-etapp-sole-spordikeskuse-ujulas-26-04-2026-a\\\/#breadcrumb\",\"itemListElement\":[{\"@type\":\"ListItem\",\"position\":1,\"name\":\"Home\",\"item\":\"https:\\\/\\\/palusalusk.ee\\\/avaleht\\\/\"},{\"@type\":\"ListItem\",\"position\":2,\"name\":\"Laste Karikas II etapp S\u00f5le Spordikeskuse ujulas , 26.04.2026.a.\"}]},{\"@type\":\"WebSite\",\"@id\":\"https:\\\/\\\/palusalusk.ee\\\/#website\",\"url\":\"https:\\\/\\\/palusalusk.ee\\\/\",\"name\":\"Kristjan Palusalu Spordiklubi\",\"description\":\"J\u00e4rjekordne WordPressi veebileht\",\"potentialAction\":[{\"@type\":\"SearchAction\",\"target\":{\"@type\":\"EntryPoint\",\"urlTemplate\":\"https:\\\/\\\/palusalusk.ee\\\/?s={search_term_string}\"},\"query-input\":{\"@type\":\"PropertyValueSpecification\",\"valueRequired\":true,\"valueName\":\"search_term_string\"}}],\"inLanguage\":\"en-US\"},{\"@type\":\"Person\",\"@id\":\"https:\\\/\\\/palusalusk.ee\\\/#\\\/schema\\\/person\\\/3c4c182fea786be303f3f8bd43e1dd83\",\"name\":\"Sven Vooglaid\",\"image\":{\"@type\":\"ImageObject\",\"inLanguage\":\"en-US\",\"@id\":\"https:\\\/\\\/secure.gravatar.com\\\/avatar\\\/901754264a5a5c434593398940b7417877c97a03816bc8025f0ae7749aefddb1?s=96&d=mm&r=g\",\"url\":\"https:\\\/\\\/secure.gravatar.com\\\/avatar\\\/901754264a5a5c434593398940b7417877c97a03816bc8025f0ae7749aefddb1?s=96&d=mm&r=g\",\"contentUrl\":\"https:\\\/\\\/secure.gravatar.com\\\/avatar\\\/901754264a5a5c434593398940b7417877c97a03816bc8025f0ae7749aefddb1?s=96&d=mm&r=g\",\"caption\":\"Sven Vooglaid\"}}]}<\/script>\n<!-- \/ Yoast SEO plugin. -->","yoast_head_json":{"title":"Laste Karikas II etapp S\u00f5le Spordikeskuse ujulas , 26.04.2026.a. - Kristjan Palusalu Spordiklubi","robots":{"index":"index","follow":"follow","max-snippet":"max-snippet:-1","max-image-preview":"max-image-preview:large","max-video-preview":"max-video-preview:-1"},"canonical":"https:\/\/palusalusk.ee\/en\/laste-karikas-ii-etapp-sole-spordikeskuse-ujulas-26-04-2026-a\/","og_locale":"en_US","og_type":"article","og_title":"Laste Karikas II etapp S\u00f5le Spordikeskuse ujulas , 26.04.2026.a. - Kristjan Palusalu Spordiklubi","og_description":"Sel n\u00e4dalavahetusel v\u00f5istlesid meie lubi lapsed veel \u00fchel v\u00f5istlusel. Laste Karika II etapp toimus p\u00fchap\u00e4eval 26 aprillil S\u00f5le SK ujulas. V\u00f5istlemas olid 219 last 12. erinevast spordiklubist. Ka sellel v\u00f5istlused ujusid meie klubi nooremad lapsed h\u00e4sti. Lapsed olid k\u00f5ik v\u00e4ga tublid\u00a0 ja j\u00e4llegi uuenesid\u00a0 isiklikud rekordid ujutud aladel ! Klubi paremad tulemused saavutas\u00a0 v\u00f5istlusel Christine [&hellip;]","og_url":"https:\/\/palusalusk.ee\/en\/laste-karikas-ii-etapp-sole-spordikeskuse-ujulas-26-04-2026-a\/","og_site_name":"Kristjan Palusalu Spordiklubi","article_published_time":"2026-04-26T12:05:27+00:00","article_modified_time":"2026-04-26T12:34:13+00:00","og_image":[{"width":1030,"height":752,"url":"https:\/\/palusalusk.ee\/wp-content\/uploads\/2026\/04\/IMG_5107-1030x752.jpg","type":"image\/jpeg"}],"author":"Sven Vooglaid","twitter_misc":{"Written by":"Sven Vooglaid","Est. reading time":"1 minute"},"schema":{"@context":"https:\/\/schema.org","@graph":[{"@type":"Article","@id":"https:\/\/palusalusk.ee\/laste-karikas-ii-etapp-sole-spordikeskuse-ujulas-26-04-2026-a\/#article","isPartOf":{"@id":"https:\/\/palusalusk.ee\/laste-karikas-ii-etapp-sole-spordikeskuse-ujulas-26-04-2026-a\/"},"author":{"name":"Sven Vooglaid","@id":"https:\/\/palusalusk.ee\/#\/schema\/person\/3c4c182fea786be303f3f8bd43e1dd83"},"headline":"Laste Karikas II etapp S\u00f5le Spordikeskuse ujulas , 26.04.2026.a.","datePublished":"2026-04-26T12:05:27+00:00","dateModified":"2026-04-26T12:34:13+00:00","mainEntityOfPage":{"@id":"https:\/\/palusalusk.ee\/laste-karikas-ii-etapp-sole-spordikeskuse-ujulas-26-04-2026-a\/"},"wordCount":147,"image":{"@id":"https:\/\/palusalusk.ee\/laste-karikas-ii-etapp-sole-spordikeskuse-ujulas-26-04-2026-a\/#primaryimage"},"thumbnailUrl":"https:\/\/palusalusk.ee\/wp-content\/uploads\/2026\/04\/IMG_5107-scaled.jpg","articleSection":["Uudised"],"inLanguage":"en-US"},{"@type":"WebPage","@id":"https:\/\/palusalusk.ee\/laste-karikas-ii-etapp-sole-spordikeskuse-ujulas-26-04-2026-a\/","url":"https:\/\/palusalusk.ee\/laste-karikas-ii-etapp-sole-spordikeskuse-ujulas-26-04-2026-a\/","name":"Laste Karikas II etapp S\u00f5le Spordikeskuse ujulas , 26.04.2026.a. - Kristjan Palusalu Spordiklubi","isPartOf":{"@id":"https:\/\/palusalusk.ee\/#website"},"primaryImageOfPage":{"@id":"https:\/\/palusalusk.ee\/laste-karikas-ii-etapp-sole-spordikeskuse-ujulas-26-04-2026-a\/#primaryimage"},"image":{"@id":"https:\/\/palusalusk.ee\/laste-karikas-ii-etapp-sole-spordikeskuse-ujulas-26-04-2026-a\/#primaryimage"},"thumbnailUrl":"https:\/\/palusalusk.ee\/wp-content\/uploads\/2026\/04\/IMG_5107-scaled.jpg","datePublished":"2026-04-26T12:05:27+00:00","dateModified":"2026-04-26T12:34:13+00:00","author":{"@id":"https:\/\/palusalusk.ee\/#\/schema\/person\/3c4c182fea786be303f3f8bd43e1dd83"},"breadcrumb":{"@id":"https:\/\/palusalusk.ee\/laste-karikas-ii-etapp-sole-spordikeskuse-ujulas-26-04-2026-a\/#breadcrumb"},"inLanguage":"en-US","potentialAction":[{"@type":"ReadAction","target":["https:\/\/palusalusk.ee\/laste-karikas-ii-etapp-sole-spordikeskuse-ujulas-26-04-2026-a\/"]}]},{"@type":"ImageObject","inLanguage":"en-US","@id":"https:\/\/palusalusk.ee\/laste-karikas-ii-etapp-sole-spordikeskuse-ujulas-26-04-2026-a\/#primaryimage","url":"https:\/\/palusalusk.ee\/wp-content\/uploads\/2026\/04\/IMG_5107-scaled.jpg","contentUrl":"https:\/\/palusalusk.ee\/wp-content\/uploads\/2026\/04\/IMG_5107-scaled.jpg","width":2560,"height":1870},{"@type":"BreadcrumbList","@id":"https:\/\/palusalusk.ee\/laste-karikas-ii-etapp-sole-spordikeskuse-ujulas-26-04-2026-a\/#breadcrumb","itemListElement":[{"@type":"ListItem","position":1,"name":"Home","item":"https:\/\/palusalusk.ee\/avaleht\/"},{"@type":"ListItem","position":2,"name":"Laste Karikas II etapp S\u00f5le Spordikeskuse ujulas , 26.04.2026.a."}]},{"@type":"WebSite","@id":"https:\/\/palusalusk.ee\/#website","url":"https:\/\/palusalusk.ee\/","name":"Kristjan Palusalu Spordiklubi","description":"J\u00e4rjekordne WordPressi veebileht","potentialAction":[{"@type":"SearchAction","target":{"@type":"EntryPoint","urlTemplate":"https:\/\/palusalusk.ee\/?s={search_term_string}"},"query-input":{"@type":"PropertyValueSpecification","valueRequired":true,"valueName":"search_term_string"}}],"inLanguage":"en-US"},{"@type":"Person","@id":"https:\/\/palusalusk.ee\/#\/schema\/person\/3c4c182fea786be303f3f8bd43e1dd83","name":"Sven Vooglaid","image":{"@type":"ImageObject","inLanguage":"en-US","@id":"https:\/\/secure.gravatar.com\/avatar\/901754264a5a5c434593398940b7417877c97a03816bc8025f0ae7749aefddb1?s=96&d=mm&r=g","url":"https:\/\/secure.gravatar.com\/avatar\/901754264a5a5c434593398940b7417877c97a03816bc8025f0ae7749aefddb1?s=96&d=mm&r=g","contentUrl":"https:\/\/secure.gravatar.com\/avatar\/901754264a5a5c434593398940b7417877c97a03816bc8025f0ae7749aefddb1?s=96&d=mm&r=g","caption":"Sven Vooglaid"}}]}},"_links":{"self":[{"href":"https:\/\/palusalusk.ee\/en\/wp-json\/wp\/v2\/posts\/20110","targetHints":{"allow":["GET"]}}],"collection":[{"href":"https:\/\/palusalusk.ee\/en\/wp-json\/wp\/v2\/posts"}],"about":[{"href":"https:\/\/palusalusk.ee\/en\/wp-json\/wp\/v2\/types\/post"}],"author":[{"embeddable":true,"href":"https:\/\/palusalusk.ee\/en\/wp-json\/wp\/v2\/users\/2"}],"replies":[{"embeddable":true,"href":"https:\/\/palusalusk.ee\/en\/wp-json\/wp\/v2\/comments?post=20110"}],"version-history":[{"count":5,"href":"https:\/\/palusalusk.ee\/en\/wp-json\/wp\/v2\/posts\/20110\/revisions"}],"predecessor-version":[{"id":20129,"href":"https:\/\/palusalusk.ee\/en\/wp-json\/wp\/v2\/posts\/20110\/revisions\/20129"}],"wp:featuredmedia":[{"embeddable":true,"href":"https:\/\/palusalusk.ee\/en\/wp-json\/wp\/v2\/media\/20116"}],"wp:attachment":[{"href":"https:\/\/palusalusk.ee\/en\/wp-json\/wp\/v2\/media?parent=20110"}],"wp:term":[{"taxonomy":"category","embeddable":true,"href":"https:\/\/palusalusk.ee\/en\/wp-json\/wp\/v2\/categories?post=20110"},{"taxonomy":"post_tag","embeddable":true,"href":"https:\/\/palusalusk.ee\/en\/wp-json\/wp\/v2\/tags?post=20110"}],"curies":[{"name":"wp","href":"https:\/\/api.w.org\/{rel}","templated":true}]}}