{"id":20043,"date":"2026-02-21T17:19:14","date_gmt":"2026-02-21T15:19:14","guid":{"rendered":"https:\/\/palusalusk.ee\/?p=20043"},"modified":"2026-02-21T17:30:33","modified_gmt":"2026-02-21T15:30:33","slug":"laste-karikas-i-etapp-21-veebruar-2026-sole-spordikeskus-ujulas","status":"publish","type":"post","link":"https:\/\/palusalusk.ee\/en\/laste-karikas-i-etapp-21-veebruar-2026-sole-spordikeskus-ujulas\/","title":{"rendered":"Laste Karikas I etapp 21. veebruar 2026, S\u00f5le Spordikeskus ujulas"},"content":{"rendered":"<p>Talvine koolivaheaeg algas lastele oodatud ujumiv\u00f5istlusega.<\/p>\n<p>Laup\u00e4eval 21. veebruaril toimus S\u00f5le Spordikeskuse ujulas\u00a0 selle hooaja <span style=\"color: #0000ff;\"><strong>Laste Karika I etapp.<\/strong><\/span><\/p>\n<p>V\u00f5istlemas oli 181 v\u00e4ikest ujujat 12 erinevast spordiklubist.<\/p>\n<p>Meie spordiklubist olid seekord v\u00f5istlemas 10 last.<\/p>\n<p>Lapsed olid treenerite juhendamisel hoolega harjutanud ja ujusid k\u00f5igil distantsidel oma uued isiklikud rekordid !!<\/p>\n<p>V\u00e4ga Tubli !<\/p>\n<p>Meie klubi parimad tulemused ujus <strong>Christine Sirel<\/strong>, kes vanemate t\u00fcdrukute vanuse klassis v\u00f5itis\u00a0 :<\/p>\n<p><strong>II koha\u00a0<\/strong> 50 m rinnuli ujumises<\/p>\n<p><strong>4<\/strong> koha 50 m vaba ujumises .<\/p>\n<p>Poistest oli meie parim <strong>Ragnar Sakkool :<\/strong><\/p>\n<p><strong>5<\/strong> koht 50 m selili<\/p>\n<p><strong>6<\/strong> koht\u00a0 50 m vabalt.<\/p>\n<p>Klubi laste tulemused vaata\u00a0<a href=\"https:\/\/palusalusk.ee\/wp-content\/uploads\/2026\/02\/Laste-Karikas-I-etapp-2026-Klubi-tulamused.pdf\"> <span style=\"color: #333399;\"><strong>SIIN<\/strong><\/span><\/a><\/p>\n<p>V\u00f5istluste tulemused vaata\u00a0<a href=\"https:\/\/palusalusk.ee\/wp-content\/uploads\/2026\/02\/Results-LK-I-Etapp-2026.pdf\"> <span style=\"color: #993300;\"><strong><span style=\"color: #333300;\">SIIN<\/span>\u00a0<\/strong><\/span><\/a><\/p>\n<p>&nbsp;<\/p>\n<p>J\u00e4rgmine v\u00f5istlus lastele\u00a0 on\u00a0 <span style=\"color: #993300;\"><strong>K\u00f5ik Meie Pardikesed III etapp\u00a0<\/strong> <\/span>29.m\u00e4rtsil Keila ujulas.<\/p>\n<p><img loading=\"lazy\" decoding=\"async\" class=\"alignnone wp-image-20045\" src=\"https:\/\/palusalusk.ee\/wp-content\/uploads\/2026\/02\/20260221_100134-scaled.jpg\" alt=\"\" width=\"287\" height=\"246\" srcset=\"https:\/\/palusalusk.ee\/wp-content\/uploads\/2026\/02\/20260221_100134-scaled.jpg 2560w, https:\/\/palusalusk.ee\/wp-content\/uploads\/2026\/02\/20260221_100134-1030x884.jpg 1030w, https:\/\/palusalusk.ee\/wp-content\/uploads\/2026\/02\/20260221_100134-768x659.jpg 768w, https:\/\/palusalusk.ee\/wp-content\/uploads\/2026\/02\/20260221_100134-1536x1318.jpg 1536w, https:\/\/palusalusk.ee\/wp-content\/uploads\/2026\/02\/20260221_100134-705x605.jpg 705w\" sizes=\"auto, (max-width: 287px) 100vw, 287px\" \/> <img loading=\"lazy\" decoding=\"async\" class=\"alignnone wp-image-20046\" src=\"https:\/\/palusalusk.ee\/wp-content\/uploads\/2026\/02\/IMG_4707-scaled.jpg\" alt=\"\" width=\"344\" height=\"245\" srcset=\"https:\/\/palusalusk.ee\/wp-content\/uploads\/2026\/02\/IMG_4707-scaled.jpg 2560w, https:\/\/palusalusk.ee\/wp-content\/uploads\/2026\/02\/IMG_4707-1030x733.jpg 1030w, https:\/\/palusalusk.ee\/wp-content\/uploads\/2026\/02\/IMG_4707-768x547.jpg 768w, https:\/\/palusalusk.ee\/wp-content\/uploads\/2026\/02\/IMG_4707-1536x1093.jpg 1536w, https:\/\/palusalusk.ee\/wp-content\/uploads\/2026\/02\/IMG_4707-705x502.jpg 705w\" sizes=\"auto, (max-width: 344px) 100vw, 344px\" \/> <img loading=\"lazy\" decoding=\"async\" class=\"alignnone wp-image-20047\" src=\"https:\/\/palusalusk.ee\/wp-content\/uploads\/2026\/02\/IMG_4716-scaled.jpg\" alt=\"\" width=\"155\" height=\"247\" srcset=\"https:\/\/palusalusk.ee\/wp-content\/uploads\/2026\/02\/IMG_4716-scaled.jpg 1608w, https:\/\/palusalusk.ee\/wp-content\/uploads\/2026\/02\/IMG_4716-647x1030.jpg 647w, https:\/\/palusalusk.ee\/wp-content\/uploads\/2026\/02\/IMG_4716-768x1223.jpg 768w, https:\/\/palusalusk.ee\/wp-content\/uploads\/2026\/02\/IMG_4716-965x1536.jpg 965w, https:\/\/palusalusk.ee\/wp-content\/uploads\/2026\/02\/IMG_4716-443x705.jpg 443w\" sizes=\"auto, (max-width: 155px) 100vw, 155px\" \/><\/p>\n<input class=\"fooboxshare_post_id\" type=\"hidden\" value=\"20043\"\/>","protected":false},"excerpt":{"rendered":"<p>Talvine koolivaheaeg algas lastele oodatud ujumiv\u00f5istlusega. Laup\u00e4eval 21. veebruaril toimus S\u00f5le Spordikeskuse ujulas\u00a0 selle hooaja Laste Karika I etapp. V\u00f5istlemas oli 181 v\u00e4ikest ujujat 12 erinevast spordiklubist. Meie spordiklubist olid seekord v\u00f5istlemas 10 last. Lapsed olid treenerite juhendamisel hoolega harjutanud ja ujusid k\u00f5igil distantsidel oma uued isiklikud rekordid !! V\u00e4ga Tubli ! Meie klubi parimad [&hellip;]<\/p>\n","protected":false},"author":2,"featured_media":20044,"comment_status":"closed","ping_status":"closed","sticky":false,"template":"","format":"standard","meta":{"footnotes":""},"categories":[33],"tags":[],"class_list":["post-20043","post","type-post","status-publish","format-standard","has-post-thumbnail","hentry","category-uudised"],"yoast_head":"<!-- This site is optimized with the Yoast SEO plugin v27.5 - https:\/\/yoast.com\/product\/yoast-seo-wordpress\/ -->\n<title>Laste Karikas I etapp 21. veebruar 2026, S\u00f5le Spordikeskus ujulas - Kristjan Palusalu Spordiklubi<\/title>\n<meta name=\"robots\" content=\"index, follow, max-snippet:-1, max-image-preview:large, max-video-preview:-1\" \/>\n<link rel=\"canonical\" href=\"https:\/\/palusalusk.ee\/en\/laste-karikas-i-etapp-21-veebruar-2026-sole-spordikeskus-ujulas\/\" \/>\n<meta property=\"og:locale\" content=\"en_US\" \/>\n<meta property=\"og:type\" content=\"article\" \/>\n<meta property=\"og:title\" content=\"Laste Karikas I etapp 21. veebruar 2026, S\u00f5le Spordikeskus ujulas - Kristjan Palusalu Spordiklubi\" \/>\n<meta property=\"og:description\" content=\"Talvine koolivaheaeg algas lastele oodatud ujumiv\u00f5istlusega. Laup\u00e4eval 21. veebruaril toimus S\u00f5le Spordikeskuse ujulas\u00a0 selle hooaja Laste Karika I etapp. V\u00f5istlemas oli 181 v\u00e4ikest ujujat 12 erinevast spordiklubist. Meie spordiklubist olid seekord v\u00f5istlemas 10 last. Lapsed olid treenerite juhendamisel hoolega harjutanud ja ujusid k\u00f5igil distantsidel oma uued isiklikud rekordid !! V\u00e4ga Tubli ! Meie klubi parimad [&hellip;]\" \/>\n<meta property=\"og:url\" content=\"https:\/\/palusalusk.ee\/en\/laste-karikas-i-etapp-21-veebruar-2026-sole-spordikeskus-ujulas\/\" \/>\n<meta property=\"og:site_name\" content=\"Kristjan Palusalu Spordiklubi\" \/>\n<meta property=\"article:published_time\" content=\"2026-02-21T15:19:14+00:00\" \/>\n<meta property=\"article:modified_time\" content=\"2026-02-21T15:30:33+00:00\" \/>\n<meta property=\"og:image\" content=\"https:\/\/palusalusk.ee\/wp-content\/uploads\/2026\/02\/20260221_095246-1030x772.jpg\" \/>\n\t<meta property=\"og:image:width\" content=\"1030\" \/>\n\t<meta property=\"og:image:height\" content=\"772\" \/>\n\t<meta property=\"og:image:type\" content=\"image\/jpeg\" \/>\n<meta name=\"author\" content=\"Sven Vooglaid\" \/>\n<meta name=\"twitter:label1\" content=\"Written by\" \/>\n\t<meta name=\"twitter:data1\" content=\"Sven Vooglaid\" \/>\n\t<meta name=\"twitter:label2\" content=\"Est. reading time\" \/>\n\t<meta name=\"twitter:data2\" content=\"1 minute\" \/>\n<script type=\"application\/ld+json\" class=\"yoast-schema-graph\">{\"@context\":\"https:\\\/\\\/schema.org\",\"@graph\":[{\"@type\":\"Article\",\"@id\":\"https:\\\/\\\/palusalusk.ee\\\/laste-karikas-i-etapp-21-veebruar-2026-sole-spordikeskus-ujulas\\\/#article\",\"isPartOf\":{\"@id\":\"https:\\\/\\\/palusalusk.ee\\\/laste-karikas-i-etapp-21-veebruar-2026-sole-spordikeskus-ujulas\\\/\"},\"author\":{\"name\":\"Sven Vooglaid\",\"@id\":\"https:\\\/\\\/palusalusk.ee\\\/#\\\/schema\\\/person\\\/3c4c182fea786be303f3f8bd43e1dd83\"},\"headline\":\"Laste Karikas I etapp 21. veebruar 2026, S\u00f5le Spordikeskus ujulas\",\"datePublished\":\"2026-02-21T15:19:14+00:00\",\"dateModified\":\"2026-02-21T15:30:33+00:00\",\"mainEntityOfPage\":{\"@id\":\"https:\\\/\\\/palusalusk.ee\\\/laste-karikas-i-etapp-21-veebruar-2026-sole-spordikeskus-ujulas\\\/\"},\"wordCount\":126,\"image\":{\"@id\":\"https:\\\/\\\/palusalusk.ee\\\/laste-karikas-i-etapp-21-veebruar-2026-sole-spordikeskus-ujulas\\\/#primaryimage\"},\"thumbnailUrl\":\"https:\\\/\\\/palusalusk.ee\\\/wp-content\\\/uploads\\\/2026\\\/02\\\/20260221_095246-scaled.jpg\",\"articleSection\":[\"Uudised\"],\"inLanguage\":\"en-US\"},{\"@type\":\"WebPage\",\"@id\":\"https:\\\/\\\/palusalusk.ee\\\/laste-karikas-i-etapp-21-veebruar-2026-sole-spordikeskus-ujulas\\\/\",\"url\":\"https:\\\/\\\/palusalusk.ee\\\/laste-karikas-i-etapp-21-veebruar-2026-sole-spordikeskus-ujulas\\\/\",\"name\":\"Laste Karikas I etapp 21. veebruar 2026, S\u00f5le Spordikeskus ujulas - Kristjan Palusalu Spordiklubi\",\"isPartOf\":{\"@id\":\"https:\\\/\\\/palusalusk.ee\\\/#website\"},\"primaryImageOfPage\":{\"@id\":\"https:\\\/\\\/palusalusk.ee\\\/laste-karikas-i-etapp-21-veebruar-2026-sole-spordikeskus-ujulas\\\/#primaryimage\"},\"image\":{\"@id\":\"https:\\\/\\\/palusalusk.ee\\\/laste-karikas-i-etapp-21-veebruar-2026-sole-spordikeskus-ujulas\\\/#primaryimage\"},\"thumbnailUrl\":\"https:\\\/\\\/palusalusk.ee\\\/wp-content\\\/uploads\\\/2026\\\/02\\\/20260221_095246-scaled.jpg\",\"datePublished\":\"2026-02-21T15:19:14+00:00\",\"dateModified\":\"2026-02-21T15:30:33+00:00\",\"author\":{\"@id\":\"https:\\\/\\\/palusalusk.ee\\\/#\\\/schema\\\/person\\\/3c4c182fea786be303f3f8bd43e1dd83\"},\"breadcrumb\":{\"@id\":\"https:\\\/\\\/palusalusk.ee\\\/laste-karikas-i-etapp-21-veebruar-2026-sole-spordikeskus-ujulas\\\/#breadcrumb\"},\"inLanguage\":\"en-US\",\"potentialAction\":[{\"@type\":\"ReadAction\",\"target\":[\"https:\\\/\\\/palusalusk.ee\\\/laste-karikas-i-etapp-21-veebruar-2026-sole-spordikeskus-ujulas\\\/\"]}]},{\"@type\":\"ImageObject\",\"inLanguage\":\"en-US\",\"@id\":\"https:\\\/\\\/palusalusk.ee\\\/laste-karikas-i-etapp-21-veebruar-2026-sole-spordikeskus-ujulas\\\/#primaryimage\",\"url\":\"https:\\\/\\\/palusalusk.ee\\\/wp-content\\\/uploads\\\/2026\\\/02\\\/20260221_095246-scaled.jpg\",\"contentUrl\":\"https:\\\/\\\/palusalusk.ee\\\/wp-content\\\/uploads\\\/2026\\\/02\\\/20260221_095246-scaled.jpg\",\"width\":2560,\"height\":1920},{\"@type\":\"BreadcrumbList\",\"@id\":\"https:\\\/\\\/palusalusk.ee\\\/laste-karikas-i-etapp-21-veebruar-2026-sole-spordikeskus-ujulas\\\/#breadcrumb\",\"itemListElement\":[{\"@type\":\"ListItem\",\"position\":1,\"name\":\"Home\",\"item\":\"https:\\\/\\\/palusalusk.ee\\\/avaleht\\\/\"},{\"@type\":\"ListItem\",\"position\":2,\"name\":\"Laste Karikas I etapp 21. veebruar 2026, S\u00f5le Spordikeskus ujulas\"}]},{\"@type\":\"WebSite\",\"@id\":\"https:\\\/\\\/palusalusk.ee\\\/#website\",\"url\":\"https:\\\/\\\/palusalusk.ee\\\/\",\"name\":\"Kristjan Palusalu Spordiklubi\",\"description\":\"J\u00e4rjekordne WordPressi veebileht\",\"potentialAction\":[{\"@type\":\"SearchAction\",\"target\":{\"@type\":\"EntryPoint\",\"urlTemplate\":\"https:\\\/\\\/palusalusk.ee\\\/?s={search_term_string}\"},\"query-input\":{\"@type\":\"PropertyValueSpecification\",\"valueRequired\":true,\"valueName\":\"search_term_string\"}}],\"inLanguage\":\"en-US\"},{\"@type\":\"Person\",\"@id\":\"https:\\\/\\\/palusalusk.ee\\\/#\\\/schema\\\/person\\\/3c4c182fea786be303f3f8bd43e1dd83\",\"name\":\"Sven Vooglaid\",\"image\":{\"@type\":\"ImageObject\",\"inLanguage\":\"en-US\",\"@id\":\"https:\\\/\\\/secure.gravatar.com\\\/avatar\\\/901754264a5a5c434593398940b7417877c97a03816bc8025f0ae7749aefddb1?s=96&d=mm&r=g\",\"url\":\"https:\\\/\\\/secure.gravatar.com\\\/avatar\\\/901754264a5a5c434593398940b7417877c97a03816bc8025f0ae7749aefddb1?s=96&d=mm&r=g\",\"contentUrl\":\"https:\\\/\\\/secure.gravatar.com\\\/avatar\\\/901754264a5a5c434593398940b7417877c97a03816bc8025f0ae7749aefddb1?s=96&d=mm&r=g\",\"caption\":\"Sven Vooglaid\"}}]}<\/script>\n<!-- \/ Yoast SEO plugin. -->","yoast_head_json":{"title":"Laste Karikas I etapp 21. veebruar 2026, S\u00f5le Spordikeskus ujulas - Kristjan Palusalu Spordiklubi","robots":{"index":"index","follow":"follow","max-snippet":"max-snippet:-1","max-image-preview":"max-image-preview:large","max-video-preview":"max-video-preview:-1"},"canonical":"https:\/\/palusalusk.ee\/en\/laste-karikas-i-etapp-21-veebruar-2026-sole-spordikeskus-ujulas\/","og_locale":"en_US","og_type":"article","og_title":"Laste Karikas I etapp 21. veebruar 2026, S\u00f5le Spordikeskus ujulas - Kristjan Palusalu Spordiklubi","og_description":"Talvine koolivaheaeg algas lastele oodatud ujumiv\u00f5istlusega. Laup\u00e4eval 21. veebruaril toimus S\u00f5le Spordikeskuse ujulas\u00a0 selle hooaja Laste Karika I etapp. V\u00f5istlemas oli 181 v\u00e4ikest ujujat 12 erinevast spordiklubist. Meie spordiklubist olid seekord v\u00f5istlemas 10 last. Lapsed olid treenerite juhendamisel hoolega harjutanud ja ujusid k\u00f5igil distantsidel oma uued isiklikud rekordid !! V\u00e4ga Tubli ! Meie klubi parimad [&hellip;]","og_url":"https:\/\/palusalusk.ee\/en\/laste-karikas-i-etapp-21-veebruar-2026-sole-spordikeskus-ujulas\/","og_site_name":"Kristjan Palusalu Spordiklubi","article_published_time":"2026-02-21T15:19:14+00:00","article_modified_time":"2026-02-21T15:30:33+00:00","og_image":[{"width":1030,"height":772,"url":"https:\/\/palusalusk.ee\/wp-content\/uploads\/2026\/02\/20260221_095246-1030x772.jpg","type":"image\/jpeg"}],"author":"Sven Vooglaid","twitter_misc":{"Written by":"Sven Vooglaid","Est. reading time":"1 minute"},"schema":{"@context":"https:\/\/schema.org","@graph":[{"@type":"Article","@id":"https:\/\/palusalusk.ee\/laste-karikas-i-etapp-21-veebruar-2026-sole-spordikeskus-ujulas\/#article","isPartOf":{"@id":"https:\/\/palusalusk.ee\/laste-karikas-i-etapp-21-veebruar-2026-sole-spordikeskus-ujulas\/"},"author":{"name":"Sven Vooglaid","@id":"https:\/\/palusalusk.ee\/#\/schema\/person\/3c4c182fea786be303f3f8bd43e1dd83"},"headline":"Laste Karikas I etapp 21. veebruar 2026, S\u00f5le Spordikeskus ujulas","datePublished":"2026-02-21T15:19:14+00:00","dateModified":"2026-02-21T15:30:33+00:00","mainEntityOfPage":{"@id":"https:\/\/palusalusk.ee\/laste-karikas-i-etapp-21-veebruar-2026-sole-spordikeskus-ujulas\/"},"wordCount":126,"image":{"@id":"https:\/\/palusalusk.ee\/laste-karikas-i-etapp-21-veebruar-2026-sole-spordikeskus-ujulas\/#primaryimage"},"thumbnailUrl":"https:\/\/palusalusk.ee\/wp-content\/uploads\/2026\/02\/20260221_095246-scaled.jpg","articleSection":["Uudised"],"inLanguage":"en-US"},{"@type":"WebPage","@id":"https:\/\/palusalusk.ee\/laste-karikas-i-etapp-21-veebruar-2026-sole-spordikeskus-ujulas\/","url":"https:\/\/palusalusk.ee\/laste-karikas-i-etapp-21-veebruar-2026-sole-spordikeskus-ujulas\/","name":"Laste Karikas I etapp 21. veebruar 2026, S\u00f5le Spordikeskus ujulas - Kristjan Palusalu Spordiklubi","isPartOf":{"@id":"https:\/\/palusalusk.ee\/#website"},"primaryImageOfPage":{"@id":"https:\/\/palusalusk.ee\/laste-karikas-i-etapp-21-veebruar-2026-sole-spordikeskus-ujulas\/#primaryimage"},"image":{"@id":"https:\/\/palusalusk.ee\/laste-karikas-i-etapp-21-veebruar-2026-sole-spordikeskus-ujulas\/#primaryimage"},"thumbnailUrl":"https:\/\/palusalusk.ee\/wp-content\/uploads\/2026\/02\/20260221_095246-scaled.jpg","datePublished":"2026-02-21T15:19:14+00:00","dateModified":"2026-02-21T15:30:33+00:00","author":{"@id":"https:\/\/palusalusk.ee\/#\/schema\/person\/3c4c182fea786be303f3f8bd43e1dd83"},"breadcrumb":{"@id":"https:\/\/palusalusk.ee\/laste-karikas-i-etapp-21-veebruar-2026-sole-spordikeskus-ujulas\/#breadcrumb"},"inLanguage":"en-US","potentialAction":[{"@type":"ReadAction","target":["https:\/\/palusalusk.ee\/laste-karikas-i-etapp-21-veebruar-2026-sole-spordikeskus-ujulas\/"]}]},{"@type":"ImageObject","inLanguage":"en-US","@id":"https:\/\/palusalusk.ee\/laste-karikas-i-etapp-21-veebruar-2026-sole-spordikeskus-ujulas\/#primaryimage","url":"https:\/\/palusalusk.ee\/wp-content\/uploads\/2026\/02\/20260221_095246-scaled.jpg","contentUrl":"https:\/\/palusalusk.ee\/wp-content\/uploads\/2026\/02\/20260221_095246-scaled.jpg","width":2560,"height":1920},{"@type":"BreadcrumbList","@id":"https:\/\/palusalusk.ee\/laste-karikas-i-etapp-21-veebruar-2026-sole-spordikeskus-ujulas\/#breadcrumb","itemListElement":[{"@type":"ListItem","position":1,"name":"Home","item":"https:\/\/palusalusk.ee\/avaleht\/"},{"@type":"ListItem","position":2,"name":"Laste Karikas I etapp 21. veebruar 2026, S\u00f5le Spordikeskus ujulas"}]},{"@type":"WebSite","@id":"https:\/\/palusalusk.ee\/#website","url":"https:\/\/palusalusk.ee\/","name":"Kristjan Palusalu Spordiklubi","description":"J\u00e4rjekordne WordPressi veebileht","potentialAction":[{"@type":"SearchAction","target":{"@type":"EntryPoint","urlTemplate":"https:\/\/palusalusk.ee\/?s={search_term_string}"},"query-input":{"@type":"PropertyValueSpecification","valueRequired":true,"valueName":"search_term_string"}}],"inLanguage":"en-US"},{"@type":"Person","@id":"https:\/\/palusalusk.ee\/#\/schema\/person\/3c4c182fea786be303f3f8bd43e1dd83","name":"Sven Vooglaid","image":{"@type":"ImageObject","inLanguage":"en-US","@id":"https:\/\/secure.gravatar.com\/avatar\/901754264a5a5c434593398940b7417877c97a03816bc8025f0ae7749aefddb1?s=96&d=mm&r=g","url":"https:\/\/secure.gravatar.com\/avatar\/901754264a5a5c434593398940b7417877c97a03816bc8025f0ae7749aefddb1?s=96&d=mm&r=g","contentUrl":"https:\/\/secure.gravatar.com\/avatar\/901754264a5a5c434593398940b7417877c97a03816bc8025f0ae7749aefddb1?s=96&d=mm&r=g","caption":"Sven Vooglaid"}}]}},"_links":{"self":[{"href":"https:\/\/palusalusk.ee\/en\/wp-json\/wp\/v2\/posts\/20043","targetHints":{"allow":["GET"]}}],"collection":[{"href":"https:\/\/palusalusk.ee\/en\/wp-json\/wp\/v2\/posts"}],"about":[{"href":"https:\/\/palusalusk.ee\/en\/wp-json\/wp\/v2\/types\/post"}],"author":[{"embeddable":true,"href":"https:\/\/palusalusk.ee\/en\/wp-json\/wp\/v2\/users\/2"}],"replies":[{"embeddable":true,"href":"https:\/\/palusalusk.ee\/en\/wp-json\/wp\/v2\/comments?post=20043"}],"version-history":[{"count":4,"href":"https:\/\/palusalusk.ee\/en\/wp-json\/wp\/v2\/posts\/20043\/revisions"}],"predecessor-version":[{"id":20050,"href":"https:\/\/palusalusk.ee\/en\/wp-json\/wp\/v2\/posts\/20043\/revisions\/20050"}],"wp:featuredmedia":[{"embeddable":true,"href":"https:\/\/palusalusk.ee\/en\/wp-json\/wp\/v2\/media\/20044"}],"wp:attachment":[{"href":"https:\/\/palusalusk.ee\/en\/wp-json\/wp\/v2\/media?parent=20043"}],"wp:term":[{"taxonomy":"category","embeddable":true,"href":"https:\/\/palusalusk.ee\/en\/wp-json\/wp\/v2\/categories?post=20043"},{"taxonomy":"post_tag","embeddable":true,"href":"https:\/\/palusalusk.ee\/en\/wp-json\/wp\/v2\/tags?post=20043"}],"curies":[{"name":"wp","href":"https:\/\/api.w.org\/{rel}","templated":true}]}}