{"id":19502,"date":"2025-05-31T12:52:03","date_gmt":"2025-05-31T09:52:03","guid":{"rendered":"https:\/\/palusalusk.ee\/?p=19502"},"modified":"2025-05-31T12:52:51","modified_gmt":"2025-05-31T09:52:51","slug":"laste-karikas-iii-etapp-31-mai-2025-a-sole-spordikeskuse-ujulas","status":"publish","type":"post","link":"https:\/\/palusalusk.ee\/en\/laste-karikas-iii-etapp-31-mai-2025-a-sole-spordikeskuse-ujulas\/","title":{"rendered":"Laste Karikas III etapp, 31 mai 2025.a. S\u00f5le Spordikeskuse ujulas"},"content":{"rendered":"<p>31. mail v\u00f5isteldi laste karika III etapi v\u00f5istlustel.<\/p>\n<p>V\u00f5istlustel ujusid 200 last 14 erinevast spordiklubist.<\/p>\n<p>Meie klubist olid v\u00f5istlemas 10 last.<\/p>\n<p>Kahjuks ei saanud seekord\u00a0 erinevatel p\u00f5hjustel\u00a0 v\u00f5istlustele tulla\u00a0 mitmed meie klubi lapsed.<\/p>\n<p>Kes aga olid kohal ujusid\u00a0 h\u00e4sti. J\u00e4lle paranesid mitmed senised isiklikud rekordid.<\/p>\n<p>Adelele ja Ralfile oli see esmakordne\u00a0 ujumis v\u00f5istlustel osalemise\u00a0 kogemus. Laosed olid tublid ja ujusid kenasti.<\/p>\n<p>Meie klubi paremad tulemused ja kohad\u00a0 selle v\u00f5istlusel ujus <strong>Tim Renter.<\/strong><\/p>\n<p>Laste Karika v\u00f5istlused j\u00e4tkuvad n\u00fc\u00fcd IV etapiga, mis toimub s\u00fcgisel\u00a0 11. oktoobril.<\/p>\n<p>Klubi laste tulemused vaata<span style=\"color: #993366;\"><strong>\u00a0<a href=\"https:\/\/palusalusk.ee\/wp-content\/uploads\/2025\/05\/Laste-Karikas-III-etapp-2025-Klubi-tulemused.pdf\"> SIIN<\/a><\/strong><\/span><\/p>\n<p>&nbsp;<\/p>\n<input class=\"fooboxshare_post_id\" type=\"hidden\" value=\"19502\"\/>","protected":false},"excerpt":{"rendered":"<p>31. mail v\u00f5isteldi laste karika III etapi v\u00f5istlustel. V\u00f5istlustel ujusid 200 last 14 erinevast spordiklubist. Meie klubist olid v\u00f5istlemas 10 last. Kahjuks ei saanud seekord\u00a0 erinevatel p\u00f5hjustel\u00a0 v\u00f5istlustele tulla\u00a0 mitmed meie klubi lapsed. Kes aga olid kohal ujusid\u00a0 h\u00e4sti. J\u00e4lle paranesid mitmed senised isiklikud rekordid. Adelele ja Ralfile oli see esmakordne\u00a0 ujumis v\u00f5istlustel osalemise\u00a0 kogemus. [&hellip;]<\/p>\n","protected":false},"author":2,"featured_media":19505,"comment_status":"closed","ping_status":"closed","sticky":false,"template":"","format":"image","meta":{"footnotes":""},"categories":[1,33],"tags":[],"class_list":["post-19502","post","type-post","status-publish","format-image","has-post-thumbnail","hentry","category-koik","category-uudised","post_format-post-format-image"],"yoast_head":"<!-- This site is optimized with the Yoast SEO plugin v27.5 - https:\/\/yoast.com\/product\/yoast-seo-wordpress\/ -->\n<title>Laste Karikas III etapp, 31 mai 2025.a. S\u00f5le Spordikeskuse ujulas - Kristjan Palusalu Spordiklubi<\/title>\n<meta name=\"robots\" content=\"index, follow, max-snippet:-1, max-image-preview:large, max-video-preview:-1\" \/>\n<link rel=\"canonical\" href=\"https:\/\/palusalusk.ee\/en\/laste-karikas-iii-etapp-31-mai-2025-a-sole-spordikeskuse-ujulas\/\" \/>\n<meta property=\"og:locale\" content=\"en_US\" \/>\n<meta property=\"og:type\" content=\"article\" \/>\n<meta property=\"og:title\" content=\"Laste Karikas III etapp, 31 mai 2025.a. S\u00f5le Spordikeskuse ujulas - Kristjan Palusalu Spordiklubi\" \/>\n<meta property=\"og:description\" content=\"31. mail v\u00f5isteldi laste karika III etapi v\u00f5istlustel. V\u00f5istlustel ujusid 200 last 14 erinevast spordiklubist. Meie klubist olid v\u00f5istlemas 10 last. Kahjuks ei saanud seekord\u00a0 erinevatel p\u00f5hjustel\u00a0 v\u00f5istlustele tulla\u00a0 mitmed meie klubi lapsed. Kes aga olid kohal ujusid\u00a0 h\u00e4sti. J\u00e4lle paranesid mitmed senised isiklikud rekordid. Adelele ja Ralfile oli see esmakordne\u00a0 ujumis v\u00f5istlustel osalemise\u00a0 kogemus. [&hellip;]\" \/>\n<meta property=\"og:url\" content=\"https:\/\/palusalusk.ee\/en\/laste-karikas-iii-etapp-31-mai-2025-a-sole-spordikeskuse-ujulas\/\" \/>\n<meta property=\"og:site_name\" content=\"Kristjan Palusalu Spordiklubi\" \/>\n<meta property=\"article:published_time\" content=\"2025-05-31T09:52:03+00:00\" \/>\n<meta property=\"article:modified_time\" content=\"2025-05-31T09:52:51+00:00\" \/>\n<meta property=\"og:image\" content=\"https:\/\/palusalusk.ee\/wp-content\/uploads\/2025\/05\/IMG_2609-1030x862.jpg\" \/>\n\t<meta property=\"og:image:width\" content=\"1030\" \/>\n\t<meta property=\"og:image:height\" content=\"862\" \/>\n\t<meta property=\"og:image:type\" content=\"image\/jpeg\" \/>\n<meta name=\"author\" content=\"Sven Vooglaid\" \/>\n<meta name=\"twitter:label1\" content=\"Written by\" \/>\n\t<meta name=\"twitter:data1\" content=\"Sven Vooglaid\" \/>\n<script type=\"application\/ld+json\" class=\"yoast-schema-graph\">{\"@context\":\"https:\\\/\\\/schema.org\",\"@graph\":[{\"@type\":\"Article\",\"@id\":\"https:\\\/\\\/palusalusk.ee\\\/laste-karikas-iii-etapp-31-mai-2025-a-sole-spordikeskuse-ujulas\\\/#article\",\"isPartOf\":{\"@id\":\"https:\\\/\\\/palusalusk.ee\\\/laste-karikas-iii-etapp-31-mai-2025-a-sole-spordikeskuse-ujulas\\\/\"},\"author\":{\"name\":\"Sven Vooglaid\",\"@id\":\"https:\\\/\\\/palusalusk.ee\\\/#\\\/schema\\\/person\\\/3c4c182fea786be303f3f8bd43e1dd83\"},\"headline\":\"Laste Karikas III etapp, 31 mai 2025.a. S\u00f5le Spordikeskuse ujulas\",\"datePublished\":\"2025-05-31T09:52:03+00:00\",\"dateModified\":\"2025-05-31T09:52:51+00:00\",\"mainEntityOfPage\":{\"@id\":\"https:\\\/\\\/palusalusk.ee\\\/laste-karikas-iii-etapp-31-mai-2025-a-sole-spordikeskuse-ujulas\\\/\"},\"wordCount\":109,\"image\":{\"@id\":\"https:\\\/\\\/palusalusk.ee\\\/laste-karikas-iii-etapp-31-mai-2025-a-sole-spordikeskuse-ujulas\\\/#primaryimage\"},\"thumbnailUrl\":\"https:\\\/\\\/palusalusk.ee\\\/wp-content\\\/uploads\\\/2025\\\/05\\\/IMG_2609-scaled.jpg\",\"articleSection\":[\"Rubriigid\",\"Uudised\"],\"inLanguage\":\"en-US\"},{\"@type\":\"WebPage\",\"@id\":\"https:\\\/\\\/palusalusk.ee\\\/laste-karikas-iii-etapp-31-mai-2025-a-sole-spordikeskuse-ujulas\\\/\",\"url\":\"https:\\\/\\\/palusalusk.ee\\\/laste-karikas-iii-etapp-31-mai-2025-a-sole-spordikeskuse-ujulas\\\/\",\"name\":\"Laste Karikas III etapp, 31 mai 2025.a. S\u00f5le Spordikeskuse ujulas - Kristjan Palusalu Spordiklubi\",\"isPartOf\":{\"@id\":\"https:\\\/\\\/palusalusk.ee\\\/#website\"},\"primaryImageOfPage\":{\"@id\":\"https:\\\/\\\/palusalusk.ee\\\/laste-karikas-iii-etapp-31-mai-2025-a-sole-spordikeskuse-ujulas\\\/#primaryimage\"},\"image\":{\"@id\":\"https:\\\/\\\/palusalusk.ee\\\/laste-karikas-iii-etapp-31-mai-2025-a-sole-spordikeskuse-ujulas\\\/#primaryimage\"},\"thumbnailUrl\":\"https:\\\/\\\/palusalusk.ee\\\/wp-content\\\/uploads\\\/2025\\\/05\\\/IMG_2609-scaled.jpg\",\"datePublished\":\"2025-05-31T09:52:03+00:00\",\"dateModified\":\"2025-05-31T09:52:51+00:00\",\"author\":{\"@id\":\"https:\\\/\\\/palusalusk.ee\\\/#\\\/schema\\\/person\\\/3c4c182fea786be303f3f8bd43e1dd83\"},\"breadcrumb\":{\"@id\":\"https:\\\/\\\/palusalusk.ee\\\/laste-karikas-iii-etapp-31-mai-2025-a-sole-spordikeskuse-ujulas\\\/#breadcrumb\"},\"inLanguage\":\"en-US\",\"potentialAction\":[{\"@type\":\"ReadAction\",\"target\":[\"https:\\\/\\\/palusalusk.ee\\\/laste-karikas-iii-etapp-31-mai-2025-a-sole-spordikeskuse-ujulas\\\/\"]}]},{\"@type\":\"ImageObject\",\"inLanguage\":\"en-US\",\"@id\":\"https:\\\/\\\/palusalusk.ee\\\/laste-karikas-iii-etapp-31-mai-2025-a-sole-spordikeskuse-ujulas\\\/#primaryimage\",\"url\":\"https:\\\/\\\/palusalusk.ee\\\/wp-content\\\/uploads\\\/2025\\\/05\\\/IMG_2609-scaled.jpg\",\"contentUrl\":\"https:\\\/\\\/palusalusk.ee\\\/wp-content\\\/uploads\\\/2025\\\/05\\\/IMG_2609-scaled.jpg\",\"width\":2560,\"height\":2142},{\"@type\":\"BreadcrumbList\",\"@id\":\"https:\\\/\\\/palusalusk.ee\\\/laste-karikas-iii-etapp-31-mai-2025-a-sole-spordikeskuse-ujulas\\\/#breadcrumb\",\"itemListElement\":[{\"@type\":\"ListItem\",\"position\":1,\"name\":\"Home\",\"item\":\"https:\\\/\\\/palusalusk.ee\\\/avaleht\\\/\"},{\"@type\":\"ListItem\",\"position\":2,\"name\":\"Laste Karikas III etapp, 31 mai 2025.a. S\u00f5le Spordikeskuse ujulas\"}]},{\"@type\":\"WebSite\",\"@id\":\"https:\\\/\\\/palusalusk.ee\\\/#website\",\"url\":\"https:\\\/\\\/palusalusk.ee\\\/\",\"name\":\"Kristjan Palusalu Spordiklubi\",\"description\":\"J\u00e4rjekordne WordPressi veebileht\",\"potentialAction\":[{\"@type\":\"SearchAction\",\"target\":{\"@type\":\"EntryPoint\",\"urlTemplate\":\"https:\\\/\\\/palusalusk.ee\\\/?s={search_term_string}\"},\"query-input\":{\"@type\":\"PropertyValueSpecification\",\"valueRequired\":true,\"valueName\":\"search_term_string\"}}],\"inLanguage\":\"en-US\"},{\"@type\":\"Person\",\"@id\":\"https:\\\/\\\/palusalusk.ee\\\/#\\\/schema\\\/person\\\/3c4c182fea786be303f3f8bd43e1dd83\",\"name\":\"Sven Vooglaid\",\"image\":{\"@type\":\"ImageObject\",\"inLanguage\":\"en-US\",\"@id\":\"https:\\\/\\\/secure.gravatar.com\\\/avatar\\\/901754264a5a5c434593398940b7417877c97a03816bc8025f0ae7749aefddb1?s=96&d=mm&r=g\",\"url\":\"https:\\\/\\\/secure.gravatar.com\\\/avatar\\\/901754264a5a5c434593398940b7417877c97a03816bc8025f0ae7749aefddb1?s=96&d=mm&r=g\",\"contentUrl\":\"https:\\\/\\\/secure.gravatar.com\\\/avatar\\\/901754264a5a5c434593398940b7417877c97a03816bc8025f0ae7749aefddb1?s=96&d=mm&r=g\",\"caption\":\"Sven Vooglaid\"}}]}<\/script>\n<!-- \/ Yoast SEO plugin. -->","yoast_head_json":{"title":"Laste Karikas III etapp, 31 mai 2025.a. S\u00f5le Spordikeskuse ujulas - Kristjan Palusalu Spordiklubi","robots":{"index":"index","follow":"follow","max-snippet":"max-snippet:-1","max-image-preview":"max-image-preview:large","max-video-preview":"max-video-preview:-1"},"canonical":"https:\/\/palusalusk.ee\/en\/laste-karikas-iii-etapp-31-mai-2025-a-sole-spordikeskuse-ujulas\/","og_locale":"en_US","og_type":"article","og_title":"Laste Karikas III etapp, 31 mai 2025.a. S\u00f5le Spordikeskuse ujulas - Kristjan Palusalu Spordiklubi","og_description":"31. mail v\u00f5isteldi laste karika III etapi v\u00f5istlustel. V\u00f5istlustel ujusid 200 last 14 erinevast spordiklubist. Meie klubist olid v\u00f5istlemas 10 last. Kahjuks ei saanud seekord\u00a0 erinevatel p\u00f5hjustel\u00a0 v\u00f5istlustele tulla\u00a0 mitmed meie klubi lapsed. Kes aga olid kohal ujusid\u00a0 h\u00e4sti. J\u00e4lle paranesid mitmed senised isiklikud rekordid. Adelele ja Ralfile oli see esmakordne\u00a0 ujumis v\u00f5istlustel osalemise\u00a0 kogemus. [&hellip;]","og_url":"https:\/\/palusalusk.ee\/en\/laste-karikas-iii-etapp-31-mai-2025-a-sole-spordikeskuse-ujulas\/","og_site_name":"Kristjan Palusalu Spordiklubi","article_published_time":"2025-05-31T09:52:03+00:00","article_modified_time":"2025-05-31T09:52:51+00:00","og_image":[{"width":1030,"height":862,"url":"https:\/\/palusalusk.ee\/wp-content\/uploads\/2025\/05\/IMG_2609-1030x862.jpg","type":"image\/jpeg"}],"author":"Sven Vooglaid","twitter_misc":{"Written by":"Sven Vooglaid"},"schema":{"@context":"https:\/\/schema.org","@graph":[{"@type":"Article","@id":"https:\/\/palusalusk.ee\/laste-karikas-iii-etapp-31-mai-2025-a-sole-spordikeskuse-ujulas\/#article","isPartOf":{"@id":"https:\/\/palusalusk.ee\/laste-karikas-iii-etapp-31-mai-2025-a-sole-spordikeskuse-ujulas\/"},"author":{"name":"Sven Vooglaid","@id":"https:\/\/palusalusk.ee\/#\/schema\/person\/3c4c182fea786be303f3f8bd43e1dd83"},"headline":"Laste Karikas III etapp, 31 mai 2025.a. S\u00f5le Spordikeskuse ujulas","datePublished":"2025-05-31T09:52:03+00:00","dateModified":"2025-05-31T09:52:51+00:00","mainEntityOfPage":{"@id":"https:\/\/palusalusk.ee\/laste-karikas-iii-etapp-31-mai-2025-a-sole-spordikeskuse-ujulas\/"},"wordCount":109,"image":{"@id":"https:\/\/palusalusk.ee\/laste-karikas-iii-etapp-31-mai-2025-a-sole-spordikeskuse-ujulas\/#primaryimage"},"thumbnailUrl":"https:\/\/palusalusk.ee\/wp-content\/uploads\/2025\/05\/IMG_2609-scaled.jpg","articleSection":["Rubriigid","Uudised"],"inLanguage":"en-US"},{"@type":"WebPage","@id":"https:\/\/palusalusk.ee\/laste-karikas-iii-etapp-31-mai-2025-a-sole-spordikeskuse-ujulas\/","url":"https:\/\/palusalusk.ee\/laste-karikas-iii-etapp-31-mai-2025-a-sole-spordikeskuse-ujulas\/","name":"Laste Karikas III etapp, 31 mai 2025.a. S\u00f5le Spordikeskuse ujulas - Kristjan Palusalu Spordiklubi","isPartOf":{"@id":"https:\/\/palusalusk.ee\/#website"},"primaryImageOfPage":{"@id":"https:\/\/palusalusk.ee\/laste-karikas-iii-etapp-31-mai-2025-a-sole-spordikeskuse-ujulas\/#primaryimage"},"image":{"@id":"https:\/\/palusalusk.ee\/laste-karikas-iii-etapp-31-mai-2025-a-sole-spordikeskuse-ujulas\/#primaryimage"},"thumbnailUrl":"https:\/\/palusalusk.ee\/wp-content\/uploads\/2025\/05\/IMG_2609-scaled.jpg","datePublished":"2025-05-31T09:52:03+00:00","dateModified":"2025-05-31T09:52:51+00:00","author":{"@id":"https:\/\/palusalusk.ee\/#\/schema\/person\/3c4c182fea786be303f3f8bd43e1dd83"},"breadcrumb":{"@id":"https:\/\/palusalusk.ee\/laste-karikas-iii-etapp-31-mai-2025-a-sole-spordikeskuse-ujulas\/#breadcrumb"},"inLanguage":"en-US","potentialAction":[{"@type":"ReadAction","target":["https:\/\/palusalusk.ee\/laste-karikas-iii-etapp-31-mai-2025-a-sole-spordikeskuse-ujulas\/"]}]},{"@type":"ImageObject","inLanguage":"en-US","@id":"https:\/\/palusalusk.ee\/laste-karikas-iii-etapp-31-mai-2025-a-sole-spordikeskuse-ujulas\/#primaryimage","url":"https:\/\/palusalusk.ee\/wp-content\/uploads\/2025\/05\/IMG_2609-scaled.jpg","contentUrl":"https:\/\/palusalusk.ee\/wp-content\/uploads\/2025\/05\/IMG_2609-scaled.jpg","width":2560,"height":2142},{"@type":"BreadcrumbList","@id":"https:\/\/palusalusk.ee\/laste-karikas-iii-etapp-31-mai-2025-a-sole-spordikeskuse-ujulas\/#breadcrumb","itemListElement":[{"@type":"ListItem","position":1,"name":"Home","item":"https:\/\/palusalusk.ee\/avaleht\/"},{"@type":"ListItem","position":2,"name":"Laste Karikas III etapp, 31 mai 2025.a. S\u00f5le Spordikeskuse ujulas"}]},{"@type":"WebSite","@id":"https:\/\/palusalusk.ee\/#website","url":"https:\/\/palusalusk.ee\/","name":"Kristjan Palusalu Spordiklubi","description":"J\u00e4rjekordne WordPressi veebileht","potentialAction":[{"@type":"SearchAction","target":{"@type":"EntryPoint","urlTemplate":"https:\/\/palusalusk.ee\/?s={search_term_string}"},"query-input":{"@type":"PropertyValueSpecification","valueRequired":true,"valueName":"search_term_string"}}],"inLanguage":"en-US"},{"@type":"Person","@id":"https:\/\/palusalusk.ee\/#\/schema\/person\/3c4c182fea786be303f3f8bd43e1dd83","name":"Sven Vooglaid","image":{"@type":"ImageObject","inLanguage":"en-US","@id":"https:\/\/secure.gravatar.com\/avatar\/901754264a5a5c434593398940b7417877c97a03816bc8025f0ae7749aefddb1?s=96&d=mm&r=g","url":"https:\/\/secure.gravatar.com\/avatar\/901754264a5a5c434593398940b7417877c97a03816bc8025f0ae7749aefddb1?s=96&d=mm&r=g","contentUrl":"https:\/\/secure.gravatar.com\/avatar\/901754264a5a5c434593398940b7417877c97a03816bc8025f0ae7749aefddb1?s=96&d=mm&r=g","caption":"Sven Vooglaid"}}]}},"_links":{"self":[{"href":"https:\/\/palusalusk.ee\/en\/wp-json\/wp\/v2\/posts\/19502","targetHints":{"allow":["GET"]}}],"collection":[{"href":"https:\/\/palusalusk.ee\/en\/wp-json\/wp\/v2\/posts"}],"about":[{"href":"https:\/\/palusalusk.ee\/en\/wp-json\/wp\/v2\/types\/post"}],"author":[{"embeddable":true,"href":"https:\/\/palusalusk.ee\/en\/wp-json\/wp\/v2\/users\/2"}],"replies":[{"embeddable":true,"href":"https:\/\/palusalusk.ee\/en\/wp-json\/wp\/v2\/comments?post=19502"}],"version-history":[{"count":2,"href":"https:\/\/palusalusk.ee\/en\/wp-json\/wp\/v2\/posts\/19502\/revisions"}],"predecessor-version":[{"id":19504,"href":"https:\/\/palusalusk.ee\/en\/wp-json\/wp\/v2\/posts\/19502\/revisions\/19504"}],"wp:featuredmedia":[{"embeddable":true,"href":"https:\/\/palusalusk.ee\/en\/wp-json\/wp\/v2\/media\/19505"}],"wp:attachment":[{"href":"https:\/\/palusalusk.ee\/en\/wp-json\/wp\/v2\/media?parent=19502"}],"wp:term":[{"taxonomy":"category","embeddable":true,"href":"https:\/\/palusalusk.ee\/en\/wp-json\/wp\/v2\/categories?post=19502"},{"taxonomy":"post_tag","embeddable":true,"href":"https:\/\/palusalusk.ee\/en\/wp-json\/wp\/v2\/tags?post=19502"}],"curies":[{"name":"wp","href":"https:\/\/api.w.org\/{rel}","templated":true}]}}