{"id":18769,"date":"2024-05-30T09:35:29","date_gmt":"2024-05-30T06:35:29","guid":{"rendered":"https:\/\/palusalusk.ee\/?p=18769"},"modified":"2024-05-30T09:41:19","modified_gmt":"2024-05-30T06:41:19","slug":"kevad-tund-laagna-algajate-grupile-29-mai-2024-a","status":"publish","type":"post","link":"https:\/\/palusalusk.ee\/en\/kevad-tund-laagna-algajate-grupile-29-mai-2024-a\/","title":{"rendered":"Kevad Tund Laagna algajate grupile  29 mai 2024.a."},"content":{"rendered":"<p>Klubi Kevad Tunnid j\u00e4tkusid Laagna algajate grupile neljap\u00e4eval 29 mail.<\/p>\n<p>Lapsed kordasid \u00f5ppeaasta jooksud \u00f5pitud harjutusi ja ujusid k\u00f5ik ajale krooli ja selili 25 m.<\/p>\n<p>Tunni l\u00f5pus said k\u00f5ik \u0161okolaadid ja tegime koos \u00fchise pildi.<\/p>\n<p>Ujutud tulemused vaata\u00a0\u00a0\u00a0<a href=\"https:\/\/palusalusk.ee\/wp-content\/uploads\/2024\/05\/Laagna-algajad.pdf\"> SIIN.<\/a><\/p>\n<p><img loading=\"lazy\" decoding=\"async\" class=\"alignnone  wp-image-18774\" src=\"https:\/\/palusalusk.ee\/wp-content\/uploads\/2024\/05\/20240528_175227-scaled.jpg\" alt=\"\" width=\"531\" height=\"399\" srcset=\"https:\/\/palusalusk.ee\/wp-content\/uploads\/2024\/05\/20240528_175227-scaled.jpg 2560w, https:\/\/palusalusk.ee\/wp-content\/uploads\/2024\/05\/20240528_175227-1030x773.jpg 1030w, https:\/\/palusalusk.ee\/wp-content\/uploads\/2024\/05\/20240528_175227-768x576.jpg 768w, https:\/\/palusalusk.ee\/wp-content\/uploads\/2024\/05\/20240528_175227-1536x1152.jpg 1536w, https:\/\/palusalusk.ee\/wp-content\/uploads\/2024\/05\/20240528_175227-705x529.jpg 705w\" sizes=\"auto, (max-width: 531px) 100vw, 531px\" \/><\/p>\n<p>&nbsp;<\/p>\n<input class=\"fooboxshare_post_id\" type=\"hidden\" value=\"18769\"\/>","protected":false},"excerpt":{"rendered":"<p>Klubi Kevad Tunnid j\u00e4tkusid Laagna algajate grupile neljap\u00e4eval 29 mail. Lapsed kordasid \u00f5ppeaasta jooksud \u00f5pitud harjutusi ja ujusid k\u00f5ik ajale krooli ja selili 25 m. Tunni l\u00f5pus said k\u00f5ik \u0161okolaadid ja tegime koos \u00fchise pildi. Ujutud tulemused vaata\u00a0\u00a0\u00a0 SIIN. &nbsp;<\/p>","protected":false},"author":2,"featured_media":18773,"comment_status":"closed","ping_status":"closed","sticky":false,"template":"","format":"image","meta":{"footnotes":""},"categories":[1,33],"tags":[],"class_list":["post-18769","post","type-post","status-publish","format-image","has-post-thumbnail","hentry","category-koik","category-uudised","post_format-post-format-image"],"yoast_head":"<!-- This site is optimized with the Yoast SEO plugin v27.5 - https:\/\/yoast.com\/product\/yoast-seo-wordpress\/ -->\n<title>Kevad Tund Laagna algajate grupile 29 mai 2024.a. - Kristjan Palusalu Spordiklubi<\/title>\n<meta name=\"robots\" content=\"index, follow, max-snippet:-1, max-image-preview:large, max-video-preview:-1\" \/>\n<link rel=\"canonical\" href=\"https:\/\/palusalusk.ee\/en\/kevad-tund-laagna-algajate-grupile-29-mai-2024-a\/\" \/>\n<meta property=\"og:locale\" content=\"en_US\" \/>\n<meta property=\"og:type\" content=\"article\" \/>\n<meta property=\"og:title\" content=\"Kevad Tund Laagna algajate grupile 29 mai 2024.a. - Kristjan Palusalu Spordiklubi\" \/>\n<meta property=\"og:description\" content=\"Klubi Kevad Tunnid j\u00e4tkusid Laagna algajate grupile neljap\u00e4eval 29 mail. Lapsed kordasid \u00f5ppeaasta jooksud \u00f5pitud harjutusi ja ujusid k\u00f5ik ajale krooli ja selili 25 m. Tunni l\u00f5pus said k\u00f5ik \u0161okolaadid ja tegime koos \u00fchise pildi. Ujutud tulemused vaata\u00a0\u00a0\u00a0 SIIN. &nbsp;\" \/>\n<meta property=\"og:url\" content=\"https:\/\/palusalusk.ee\/en\/kevad-tund-laagna-algajate-grupile-29-mai-2024-a\/\" \/>\n<meta property=\"og:site_name\" content=\"Kristjan Palusalu Spordiklubi\" \/>\n<meta property=\"article:published_time\" content=\"2024-05-30T06:35:29+00:00\" \/>\n<meta property=\"article:modified_time\" content=\"2024-05-30T06:41:19+00:00\" \/>\n<meta property=\"og:image\" content=\"https:\/\/palusalusk.ee\/wp-content\/uploads\/2024\/05\/20240529_173459-1-1030x773.jpg\" \/>\n\t<meta property=\"og:image:width\" content=\"1030\" \/>\n\t<meta property=\"og:image:height\" content=\"773\" \/>\n\t<meta property=\"og:image:type\" content=\"image\/jpeg\" \/>\n<meta name=\"author\" content=\"Sven Vooglaid\" \/>\n<meta name=\"twitter:label1\" content=\"Written by\" \/>\n\t<meta name=\"twitter:data1\" content=\"Sven Vooglaid\" \/>\n\t<meta name=\"twitter:label2\" content=\"Est. reading time\" \/>\n\t<meta name=\"twitter:data2\" content=\"1 minute\" \/>\n<script type=\"application\/ld+json\" class=\"yoast-schema-graph\">{\"@context\":\"https:\\\/\\\/schema.org\",\"@graph\":[{\"@type\":\"Article\",\"@id\":\"https:\\\/\\\/palusalusk.ee\\\/kevad-tund-laagna-algajate-grupile-29-mai-2024-a\\\/#article\",\"isPartOf\":{\"@id\":\"https:\\\/\\\/palusalusk.ee\\\/kevad-tund-laagna-algajate-grupile-29-mai-2024-a\\\/\"},\"author\":{\"name\":\"Sven Vooglaid\",\"@id\":\"https:\\\/\\\/palusalusk.ee\\\/#\\\/schema\\\/person\\\/3c4c182fea786be303f3f8bd43e1dd83\"},\"headline\":\"Kevad Tund Laagna algajate grupile 29 mai 2024.a.\",\"datePublished\":\"2024-05-30T06:35:29+00:00\",\"dateModified\":\"2024-05-30T06:41:19+00:00\",\"mainEntityOfPage\":{\"@id\":\"https:\\\/\\\/palusalusk.ee\\\/kevad-tund-laagna-algajate-grupile-29-mai-2024-a\\\/\"},\"wordCount\":50,\"image\":{\"@id\":\"https:\\\/\\\/palusalusk.ee\\\/kevad-tund-laagna-algajate-grupile-29-mai-2024-a\\\/#primaryimage\"},\"thumbnailUrl\":\"https:\\\/\\\/palusalusk.ee\\\/wp-content\\\/uploads\\\/2024\\\/05\\\/20240529_173459-1-scaled.jpg\",\"articleSection\":[\"Rubriigid\",\"Uudised\"],\"inLanguage\":\"en-US\"},{\"@type\":\"WebPage\",\"@id\":\"https:\\\/\\\/palusalusk.ee\\\/kevad-tund-laagna-algajate-grupile-29-mai-2024-a\\\/\",\"url\":\"https:\\\/\\\/palusalusk.ee\\\/kevad-tund-laagna-algajate-grupile-29-mai-2024-a\\\/\",\"name\":\"Kevad Tund Laagna algajate grupile 29 mai 2024.a. - Kristjan Palusalu Spordiklubi\",\"isPartOf\":{\"@id\":\"https:\\\/\\\/palusalusk.ee\\\/#website\"},\"primaryImageOfPage\":{\"@id\":\"https:\\\/\\\/palusalusk.ee\\\/kevad-tund-laagna-algajate-grupile-29-mai-2024-a\\\/#primaryimage\"},\"image\":{\"@id\":\"https:\\\/\\\/palusalusk.ee\\\/kevad-tund-laagna-algajate-grupile-29-mai-2024-a\\\/#primaryimage\"},\"thumbnailUrl\":\"https:\\\/\\\/palusalusk.ee\\\/wp-content\\\/uploads\\\/2024\\\/05\\\/20240529_173459-1-scaled.jpg\",\"datePublished\":\"2024-05-30T06:35:29+00:00\",\"dateModified\":\"2024-05-30T06:41:19+00:00\",\"author\":{\"@id\":\"https:\\\/\\\/palusalusk.ee\\\/#\\\/schema\\\/person\\\/3c4c182fea786be303f3f8bd43e1dd83\"},\"breadcrumb\":{\"@id\":\"https:\\\/\\\/palusalusk.ee\\\/kevad-tund-laagna-algajate-grupile-29-mai-2024-a\\\/#breadcrumb\"},\"inLanguage\":\"en-US\",\"potentialAction\":[{\"@type\":\"ReadAction\",\"target\":[\"https:\\\/\\\/palusalusk.ee\\\/kevad-tund-laagna-algajate-grupile-29-mai-2024-a\\\/\"]}]},{\"@type\":\"ImageObject\",\"inLanguage\":\"en-US\",\"@id\":\"https:\\\/\\\/palusalusk.ee\\\/kevad-tund-laagna-algajate-grupile-29-mai-2024-a\\\/#primaryimage\",\"url\":\"https:\\\/\\\/palusalusk.ee\\\/wp-content\\\/uploads\\\/2024\\\/05\\\/20240529_173459-1-scaled.jpg\",\"contentUrl\":\"https:\\\/\\\/palusalusk.ee\\\/wp-content\\\/uploads\\\/2024\\\/05\\\/20240529_173459-1-scaled.jpg\",\"width\":2560,\"height\":1920},{\"@type\":\"BreadcrumbList\",\"@id\":\"https:\\\/\\\/palusalusk.ee\\\/kevad-tund-laagna-algajate-grupile-29-mai-2024-a\\\/#breadcrumb\",\"itemListElement\":[{\"@type\":\"ListItem\",\"position\":1,\"name\":\"Home\",\"item\":\"https:\\\/\\\/palusalusk.ee\\\/avaleht\\\/\"},{\"@type\":\"ListItem\",\"position\":2,\"name\":\"Kevad Tund Laagna algajate grupile 29 mai 2024.a.\"}]},{\"@type\":\"WebSite\",\"@id\":\"https:\\\/\\\/palusalusk.ee\\\/#website\",\"url\":\"https:\\\/\\\/palusalusk.ee\\\/\",\"name\":\"Kristjan Palusalu Spordiklubi\",\"description\":\"J\u00e4rjekordne WordPressi veebileht\",\"potentialAction\":[{\"@type\":\"SearchAction\",\"target\":{\"@type\":\"EntryPoint\",\"urlTemplate\":\"https:\\\/\\\/palusalusk.ee\\\/?s={search_term_string}\"},\"query-input\":{\"@type\":\"PropertyValueSpecification\",\"valueRequired\":true,\"valueName\":\"search_term_string\"}}],\"inLanguage\":\"en-US\"},{\"@type\":\"Person\",\"@id\":\"https:\\\/\\\/palusalusk.ee\\\/#\\\/schema\\\/person\\\/3c4c182fea786be303f3f8bd43e1dd83\",\"name\":\"Sven Vooglaid\",\"image\":{\"@type\":\"ImageObject\",\"inLanguage\":\"en-US\",\"@id\":\"https:\\\/\\\/secure.gravatar.com\\\/avatar\\\/901754264a5a5c434593398940b7417877c97a03816bc8025f0ae7749aefddb1?s=96&d=mm&r=g\",\"url\":\"https:\\\/\\\/secure.gravatar.com\\\/avatar\\\/901754264a5a5c434593398940b7417877c97a03816bc8025f0ae7749aefddb1?s=96&d=mm&r=g\",\"contentUrl\":\"https:\\\/\\\/secure.gravatar.com\\\/avatar\\\/901754264a5a5c434593398940b7417877c97a03816bc8025f0ae7749aefddb1?s=96&d=mm&r=g\",\"caption\":\"Sven Vooglaid\"}}]}<\/script>\n<!-- \/ Yoast SEO plugin. -->","yoast_head_json":{"title":"Kevad Tund Laagna algajate grupile 29 mai 2024.a. - Kristjan Palusalu Spordiklubi","robots":{"index":"index","follow":"follow","max-snippet":"max-snippet:-1","max-image-preview":"max-image-preview:large","max-video-preview":"max-video-preview:-1"},"canonical":"https:\/\/palusalusk.ee\/en\/kevad-tund-laagna-algajate-grupile-29-mai-2024-a\/","og_locale":"en_US","og_type":"article","og_title":"Kevad Tund Laagna algajate grupile 29 mai 2024.a. - Kristjan Palusalu Spordiklubi","og_description":"Klubi Kevad Tunnid j\u00e4tkusid Laagna algajate grupile neljap\u00e4eval 29 mail. Lapsed kordasid \u00f5ppeaasta jooksud \u00f5pitud harjutusi ja ujusid k\u00f5ik ajale krooli ja selili 25 m. Tunni l\u00f5pus said k\u00f5ik \u0161okolaadid ja tegime koos \u00fchise pildi. Ujutud tulemused vaata\u00a0\u00a0\u00a0 SIIN. &nbsp;","og_url":"https:\/\/palusalusk.ee\/en\/kevad-tund-laagna-algajate-grupile-29-mai-2024-a\/","og_site_name":"Kristjan Palusalu Spordiklubi","article_published_time":"2024-05-30T06:35:29+00:00","article_modified_time":"2024-05-30T06:41:19+00:00","og_image":[{"width":1030,"height":773,"url":"https:\/\/palusalusk.ee\/wp-content\/uploads\/2024\/05\/20240529_173459-1-1030x773.jpg","type":"image\/jpeg"}],"author":"Sven Vooglaid","twitter_misc":{"Written by":"Sven Vooglaid","Est. reading time":"1 minute"},"schema":{"@context":"https:\/\/schema.org","@graph":[{"@type":"Article","@id":"https:\/\/palusalusk.ee\/kevad-tund-laagna-algajate-grupile-29-mai-2024-a\/#article","isPartOf":{"@id":"https:\/\/palusalusk.ee\/kevad-tund-laagna-algajate-grupile-29-mai-2024-a\/"},"author":{"name":"Sven Vooglaid","@id":"https:\/\/palusalusk.ee\/#\/schema\/person\/3c4c182fea786be303f3f8bd43e1dd83"},"headline":"Kevad Tund Laagna algajate grupile 29 mai 2024.a.","datePublished":"2024-05-30T06:35:29+00:00","dateModified":"2024-05-30T06:41:19+00:00","mainEntityOfPage":{"@id":"https:\/\/palusalusk.ee\/kevad-tund-laagna-algajate-grupile-29-mai-2024-a\/"},"wordCount":50,"image":{"@id":"https:\/\/palusalusk.ee\/kevad-tund-laagna-algajate-grupile-29-mai-2024-a\/#primaryimage"},"thumbnailUrl":"https:\/\/palusalusk.ee\/wp-content\/uploads\/2024\/05\/20240529_173459-1-scaled.jpg","articleSection":["Rubriigid","Uudised"],"inLanguage":"en-US"},{"@type":"WebPage","@id":"https:\/\/palusalusk.ee\/kevad-tund-laagna-algajate-grupile-29-mai-2024-a\/","url":"https:\/\/palusalusk.ee\/kevad-tund-laagna-algajate-grupile-29-mai-2024-a\/","name":"Kevad Tund Laagna algajate grupile 29 mai 2024.a. - Kristjan Palusalu Spordiklubi","isPartOf":{"@id":"https:\/\/palusalusk.ee\/#website"},"primaryImageOfPage":{"@id":"https:\/\/palusalusk.ee\/kevad-tund-laagna-algajate-grupile-29-mai-2024-a\/#primaryimage"},"image":{"@id":"https:\/\/palusalusk.ee\/kevad-tund-laagna-algajate-grupile-29-mai-2024-a\/#primaryimage"},"thumbnailUrl":"https:\/\/palusalusk.ee\/wp-content\/uploads\/2024\/05\/20240529_173459-1-scaled.jpg","datePublished":"2024-05-30T06:35:29+00:00","dateModified":"2024-05-30T06:41:19+00:00","author":{"@id":"https:\/\/palusalusk.ee\/#\/schema\/person\/3c4c182fea786be303f3f8bd43e1dd83"},"breadcrumb":{"@id":"https:\/\/palusalusk.ee\/kevad-tund-laagna-algajate-grupile-29-mai-2024-a\/#breadcrumb"},"inLanguage":"en-US","potentialAction":[{"@type":"ReadAction","target":["https:\/\/palusalusk.ee\/kevad-tund-laagna-algajate-grupile-29-mai-2024-a\/"]}]},{"@type":"ImageObject","inLanguage":"en-US","@id":"https:\/\/palusalusk.ee\/kevad-tund-laagna-algajate-grupile-29-mai-2024-a\/#primaryimage","url":"https:\/\/palusalusk.ee\/wp-content\/uploads\/2024\/05\/20240529_173459-1-scaled.jpg","contentUrl":"https:\/\/palusalusk.ee\/wp-content\/uploads\/2024\/05\/20240529_173459-1-scaled.jpg","width":2560,"height":1920},{"@type":"BreadcrumbList","@id":"https:\/\/palusalusk.ee\/kevad-tund-laagna-algajate-grupile-29-mai-2024-a\/#breadcrumb","itemListElement":[{"@type":"ListItem","position":1,"name":"Home","item":"https:\/\/palusalusk.ee\/avaleht\/"},{"@type":"ListItem","position":2,"name":"Kevad Tund Laagna algajate grupile 29 mai 2024.a."}]},{"@type":"WebSite","@id":"https:\/\/palusalusk.ee\/#website","url":"https:\/\/palusalusk.ee\/","name":"Kristjan Palusalu Spordiklubi","description":"J\u00e4rjekordne WordPressi veebileht","potentialAction":[{"@type":"SearchAction","target":{"@type":"EntryPoint","urlTemplate":"https:\/\/palusalusk.ee\/?s={search_term_string}"},"query-input":{"@type":"PropertyValueSpecification","valueRequired":true,"valueName":"search_term_string"}}],"inLanguage":"en-US"},{"@type":"Person","@id":"https:\/\/palusalusk.ee\/#\/schema\/person\/3c4c182fea786be303f3f8bd43e1dd83","name":"Sven Vooglaid","image":{"@type":"ImageObject","inLanguage":"en-US","@id":"https:\/\/secure.gravatar.com\/avatar\/901754264a5a5c434593398940b7417877c97a03816bc8025f0ae7749aefddb1?s=96&d=mm&r=g","url":"https:\/\/secure.gravatar.com\/avatar\/901754264a5a5c434593398940b7417877c97a03816bc8025f0ae7749aefddb1?s=96&d=mm&r=g","contentUrl":"https:\/\/secure.gravatar.com\/avatar\/901754264a5a5c434593398940b7417877c97a03816bc8025f0ae7749aefddb1?s=96&d=mm&r=g","caption":"Sven Vooglaid"}}]}},"_links":{"self":[{"href":"https:\/\/palusalusk.ee\/en\/wp-json\/wp\/v2\/posts\/18769","targetHints":{"allow":["GET"]}}],"collection":[{"href":"https:\/\/palusalusk.ee\/en\/wp-json\/wp\/v2\/posts"}],"about":[{"href":"https:\/\/palusalusk.ee\/en\/wp-json\/wp\/v2\/types\/post"}],"author":[{"embeddable":true,"href":"https:\/\/palusalusk.ee\/en\/wp-json\/wp\/v2\/users\/2"}],"replies":[{"embeddable":true,"href":"https:\/\/palusalusk.ee\/en\/wp-json\/wp\/v2\/comments?post=18769"}],"version-history":[{"count":4,"href":"https:\/\/palusalusk.ee\/en\/wp-json\/wp\/v2\/posts\/18769\/revisions"}],"predecessor-version":[{"id":18776,"href":"https:\/\/palusalusk.ee\/en\/wp-json\/wp\/v2\/posts\/18769\/revisions\/18776"}],"wp:featuredmedia":[{"embeddable":true,"href":"https:\/\/palusalusk.ee\/en\/wp-json\/wp\/v2\/media\/18773"}],"wp:attachment":[{"href":"https:\/\/palusalusk.ee\/en\/wp-json\/wp\/v2\/media?parent=18769"}],"wp:term":[{"taxonomy":"category","embeddable":true,"href":"https:\/\/palusalusk.ee\/en\/wp-json\/wp\/v2\/categories?post=18769"},{"taxonomy":"post_tag","embeddable":true,"href":"https:\/\/palusalusk.ee\/en\/wp-json\/wp\/v2\/tags?post=18769"}],"curies":[{"name":"wp","href":"https:\/\/api.w.org\/{rel}","templated":true}]}}