{"id":12835,"date":"2019-09-28T11:47:58","date_gmt":"2019-09-28T08:47:58","guid":{"rendered":"https:\/\/palusaluklubi.ee\/?p=12835"},"modified":"2019-09-28T11:51:54","modified_gmt":"2019-09-28T08:51:54","slug":"i-koht-daugvapilsi-karikavoistlustel-tutarlaste-vorkpallis","status":"publish","type":"post","link":"https:\/\/palusalusk.ee\/en\/i-koht-daugvapilsi-karikavoistlustel-tutarlaste-vorkpallis\/","title":{"rendered":"I koht Daugvapilsi Karikav\u00f5istlustel T\u00fctarlaste v\u00f5rkpallis"},"content":{"rendered":"<p>20 -21 septembril 2019\u00a0 osales meie klubi t\u00fctarlaste v\u00f5rkpalli v\u00f5istkond\u00a0 L\u00e4tis ,\u00a0 Daugavpilsi Karikav\u00f5istlustel\u00a0 v\u00f5rkpallis.<\/p>\n<p>Hooaja esimene rahvusvaheline turniir oli meie klubi t\u00fctarlastele v\u00e4ga edukas.<\/p>\n<p>J\u00f5udsime finaali, kus\u00a0 v\u00f5itsime\u00a0 Daugavpilsi SK \u00a0 v\u00f5istkonda\u00a0 tulemusega\u00a0 3: 1.\u00a0 ja\u00a0 saavutasime\u00a0 turniiril\u00a0<strong> I koha !<\/strong><\/p>\n<p>\u00d5nnitlused t\u00fctarlastele ja treenerile ilusa v\u00f5idu eest!<\/p>\n<p><img loading=\"lazy\" decoding=\"async\" class=\"alignnone size-medium wp-image-12842\" src=\"https:\/\/palusaluklubi.ee\/wp-content\/uploads\/2019\/09\/IMG_7599-23-09-19-10-41-e1569660687821-225x300.jpg\" alt=\"\" width=\"225\" height=\"300\" srcset=\"https:\/\/palusalusk.ee\/wp-content\/uploads\/2019\/09\/IMG_7599-23-09-19-10-41-e1569660687821-225x300.jpg 225w, https:\/\/palusalusk.ee\/wp-content\/uploads\/2019\/09\/IMG_7599-23-09-19-10-41-e1569660687821-773x1030.jpg 773w, https:\/\/palusalusk.ee\/wp-content\/uploads\/2019\/09\/IMG_7599-23-09-19-10-41-e1569660687821-529x705.jpg 529w, https:\/\/palusalusk.ee\/wp-content\/uploads\/2019\/09\/IMG_7599-23-09-19-10-41-e1569660687821.jpg 1440w\" sizes=\"auto, (max-width: 225px) 100vw, 225px\" \/><\/p>\n<p>&nbsp;<\/p>\n<input class=\"fooboxshare_post_id\" type=\"hidden\" value=\"12835\"\/>","protected":false},"excerpt":{"rendered":"<p>20 -21 septembril 2019\u00a0 osales meie klubi t\u00fctarlaste v\u00f5rkpalli v\u00f5istkond\u00a0 L\u00e4tis ,\u00a0 Daugavpilsi Karikav\u00f5istlustel\u00a0 v\u00f5rkpallis. Hooaja esimene rahvusvaheline turniir oli meie klubi t\u00fctarlastele v\u00e4ga edukas. J\u00f5udsime finaali, kus\u00a0 v\u00f5itsime\u00a0 Daugavpilsi SK \u00a0 v\u00f5istkonda\u00a0 tulemusega\u00a0 3: 1.\u00a0 ja\u00a0 saavutasime\u00a0 turniiril\u00a0 I koha ! \u00d5nnitlused t\u00fctarlastele ja treenerile ilusa v\u00f5idu eest! &nbsp;<\/p>","protected":false},"author":2,"featured_media":12836,"comment_status":"closed","ping_status":"closed","sticky":false,"template":"","format":"image","meta":{"footnotes":""},"categories":[33],"tags":[],"class_list":["post-12835","post","type-post","status-publish","format-image","has-post-thumbnail","hentry","category-uudised","post_format-post-format-image"],"yoast_head":"<!-- This site is optimized with the Yoast SEO plugin v27.5 - https:\/\/yoast.com\/product\/yoast-seo-wordpress\/ -->\n<title>I koht Daugvapilsi Karikav\u00f5istlustel T\u00fctarlaste v\u00f5rkpallis - Kristjan Palusalu Spordiklubi<\/title>\n<meta name=\"robots\" content=\"index, follow, max-snippet:-1, max-image-preview:large, max-video-preview:-1\" \/>\n<link rel=\"canonical\" href=\"https:\/\/palusalusk.ee\/en\/i-koht-daugvapilsi-karikavoistlustel-tutarlaste-vorkpallis\/\" \/>\n<meta property=\"og:locale\" content=\"en_US\" \/>\n<meta property=\"og:type\" content=\"article\" \/>\n<meta property=\"og:title\" content=\"I koht Daugvapilsi Karikav\u00f5istlustel T\u00fctarlaste v\u00f5rkpallis - Kristjan Palusalu Spordiklubi\" \/>\n<meta property=\"og:description\" content=\"20 -21 septembril 2019\u00a0 osales meie klubi t\u00fctarlaste v\u00f5rkpalli v\u00f5istkond\u00a0 L\u00e4tis ,\u00a0 Daugavpilsi Karikav\u00f5istlustel\u00a0 v\u00f5rkpallis. Hooaja esimene rahvusvaheline turniir oli meie klubi t\u00fctarlastele v\u00e4ga edukas. J\u00f5udsime finaali, kus\u00a0 v\u00f5itsime\u00a0 Daugavpilsi SK \u00a0 v\u00f5istkonda\u00a0 tulemusega\u00a0 3: 1.\u00a0 ja\u00a0 saavutasime\u00a0 turniiril\u00a0 I koha ! \u00d5nnitlused t\u00fctarlastele ja treenerile ilusa v\u00f5idu eest! &nbsp;\" \/>\n<meta property=\"og:url\" content=\"https:\/\/palusalusk.ee\/en\/i-koht-daugvapilsi-karikavoistlustel-tutarlaste-vorkpallis\/\" \/>\n<meta property=\"og:site_name\" content=\"Kristjan Palusalu Spordiklubi\" \/>\n<meta property=\"article:published_time\" content=\"2019-09-28T08:47:58+00:00\" \/>\n<meta property=\"article:modified_time\" content=\"2019-09-28T08:51:54+00:00\" \/>\n<meta property=\"og:image\" content=\"https:\/\/palusalusk.ee\/wp-content\/uploads\/2019\/09\/IMG_7606-23-09-19-10-41-1030x773.jpg\" \/>\n\t<meta property=\"og:image:width\" content=\"1030\" \/>\n\t<meta property=\"og:image:height\" content=\"773\" \/>\n\t<meta property=\"og:image:type\" content=\"image\/jpeg\" \/>\n<meta name=\"author\" content=\"Sven Vooglaid\" \/>\n<meta name=\"twitter:label1\" content=\"Written by\" \/>\n\t<meta name=\"twitter:data1\" content=\"Sven Vooglaid\" \/>\n<script type=\"application\/ld+json\" class=\"yoast-schema-graph\">{\"@context\":\"https:\\\/\\\/schema.org\",\"@graph\":[{\"@type\":\"Article\",\"@id\":\"https:\\\/\\\/palusalusk.ee\\\/i-koht-daugvapilsi-karikavoistlustel-tutarlaste-vorkpallis\\\/#article\",\"isPartOf\":{\"@id\":\"https:\\\/\\\/palusalusk.ee\\\/i-koht-daugvapilsi-karikavoistlustel-tutarlaste-vorkpallis\\\/\"},\"author\":{\"name\":\"Sven Vooglaid\",\"@id\":\"https:\\\/\\\/palusalusk.ee\\\/#\\\/schema\\\/person\\\/3c4c182fea786be303f3f8bd43e1dd83\"},\"headline\":\"I koht Daugvapilsi Karikav\u00f5istlustel T\u00fctarlaste v\u00f5rkpallis\",\"datePublished\":\"2019-09-28T08:47:58+00:00\",\"dateModified\":\"2019-09-28T08:51:54+00:00\",\"mainEntityOfPage\":{\"@id\":\"https:\\\/\\\/palusalusk.ee\\\/i-koht-daugvapilsi-karikavoistlustel-tutarlaste-vorkpallis\\\/\"},\"wordCount\":65,\"image\":{\"@id\":\"https:\\\/\\\/palusalusk.ee\\\/i-koht-daugvapilsi-karikavoistlustel-tutarlaste-vorkpallis\\\/#primaryimage\"},\"thumbnailUrl\":\"https:\\\/\\\/palusalusk.ee\\\/wp-content\\\/uploads\\\/2019\\\/09\\\/IMG_7606-23-09-19-10-41.jpg\",\"articleSection\":[\"Uudised\"],\"inLanguage\":\"en-US\"},{\"@type\":\"WebPage\",\"@id\":\"https:\\\/\\\/palusalusk.ee\\\/i-koht-daugvapilsi-karikavoistlustel-tutarlaste-vorkpallis\\\/\",\"url\":\"https:\\\/\\\/palusalusk.ee\\\/i-koht-daugvapilsi-karikavoistlustel-tutarlaste-vorkpallis\\\/\",\"name\":\"I koht Daugvapilsi Karikav\u00f5istlustel T\u00fctarlaste v\u00f5rkpallis - Kristjan Palusalu Spordiklubi\",\"isPartOf\":{\"@id\":\"https:\\\/\\\/palusalusk.ee\\\/#website\"},\"primaryImageOfPage\":{\"@id\":\"https:\\\/\\\/palusalusk.ee\\\/i-koht-daugvapilsi-karikavoistlustel-tutarlaste-vorkpallis\\\/#primaryimage\"},\"image\":{\"@id\":\"https:\\\/\\\/palusalusk.ee\\\/i-koht-daugvapilsi-karikavoistlustel-tutarlaste-vorkpallis\\\/#primaryimage\"},\"thumbnailUrl\":\"https:\\\/\\\/palusalusk.ee\\\/wp-content\\\/uploads\\\/2019\\\/09\\\/IMG_7606-23-09-19-10-41.jpg\",\"datePublished\":\"2019-09-28T08:47:58+00:00\",\"dateModified\":\"2019-09-28T08:51:54+00:00\",\"author\":{\"@id\":\"https:\\\/\\\/palusalusk.ee\\\/#\\\/schema\\\/person\\\/3c4c182fea786be303f3f8bd43e1dd83\"},\"breadcrumb\":{\"@id\":\"https:\\\/\\\/palusalusk.ee\\\/i-koht-daugvapilsi-karikavoistlustel-tutarlaste-vorkpallis\\\/#breadcrumb\"},\"inLanguage\":\"en-US\",\"potentialAction\":[{\"@type\":\"ReadAction\",\"target\":[\"https:\\\/\\\/palusalusk.ee\\\/i-koht-daugvapilsi-karikavoistlustel-tutarlaste-vorkpallis\\\/\"]}]},{\"@type\":\"ImageObject\",\"inLanguage\":\"en-US\",\"@id\":\"https:\\\/\\\/palusalusk.ee\\\/i-koht-daugvapilsi-karikavoistlustel-tutarlaste-vorkpallis\\\/#primaryimage\",\"url\":\"https:\\\/\\\/palusalusk.ee\\\/wp-content\\\/uploads\\\/2019\\\/09\\\/IMG_7606-23-09-19-10-41.jpg\",\"contentUrl\":\"https:\\\/\\\/palusalusk.ee\\\/wp-content\\\/uploads\\\/2019\\\/09\\\/IMG_7606-23-09-19-10-41.jpg\",\"width\":1920,\"height\":1440},{\"@type\":\"BreadcrumbList\",\"@id\":\"https:\\\/\\\/palusalusk.ee\\\/i-koht-daugvapilsi-karikavoistlustel-tutarlaste-vorkpallis\\\/#breadcrumb\",\"itemListElement\":[{\"@type\":\"ListItem\",\"position\":1,\"name\":\"Home\",\"item\":\"https:\\\/\\\/palusalusk.ee\\\/avaleht\\\/\"},{\"@type\":\"ListItem\",\"position\":2,\"name\":\"I koht Daugvapilsi Karikav\u00f5istlustel T\u00fctarlaste v\u00f5rkpallis\"}]},{\"@type\":\"WebSite\",\"@id\":\"https:\\\/\\\/palusalusk.ee\\\/#website\",\"url\":\"https:\\\/\\\/palusalusk.ee\\\/\",\"name\":\"Kristjan Palusalu Spordiklubi\",\"description\":\"J\u00e4rjekordne WordPressi veebileht\",\"potentialAction\":[{\"@type\":\"SearchAction\",\"target\":{\"@type\":\"EntryPoint\",\"urlTemplate\":\"https:\\\/\\\/palusalusk.ee\\\/?s={search_term_string}\"},\"query-input\":{\"@type\":\"PropertyValueSpecification\",\"valueRequired\":true,\"valueName\":\"search_term_string\"}}],\"inLanguage\":\"en-US\"},{\"@type\":\"Person\",\"@id\":\"https:\\\/\\\/palusalusk.ee\\\/#\\\/schema\\\/person\\\/3c4c182fea786be303f3f8bd43e1dd83\",\"name\":\"Sven Vooglaid\",\"image\":{\"@type\":\"ImageObject\",\"inLanguage\":\"en-US\",\"@id\":\"https:\\\/\\\/secure.gravatar.com\\\/avatar\\\/901754264a5a5c434593398940b7417877c97a03816bc8025f0ae7749aefddb1?s=96&d=mm&r=g\",\"url\":\"https:\\\/\\\/secure.gravatar.com\\\/avatar\\\/901754264a5a5c434593398940b7417877c97a03816bc8025f0ae7749aefddb1?s=96&d=mm&r=g\",\"contentUrl\":\"https:\\\/\\\/secure.gravatar.com\\\/avatar\\\/901754264a5a5c434593398940b7417877c97a03816bc8025f0ae7749aefddb1?s=96&d=mm&r=g\",\"caption\":\"Sven Vooglaid\"}}]}<\/script>\n<!-- \/ Yoast SEO plugin. -->","yoast_head_json":{"title":"I koht Daugvapilsi Karikav\u00f5istlustel T\u00fctarlaste v\u00f5rkpallis - Kristjan Palusalu Spordiklubi","robots":{"index":"index","follow":"follow","max-snippet":"max-snippet:-1","max-image-preview":"max-image-preview:large","max-video-preview":"max-video-preview:-1"},"canonical":"https:\/\/palusalusk.ee\/en\/i-koht-daugvapilsi-karikavoistlustel-tutarlaste-vorkpallis\/","og_locale":"en_US","og_type":"article","og_title":"I koht Daugvapilsi Karikav\u00f5istlustel T\u00fctarlaste v\u00f5rkpallis - Kristjan Palusalu Spordiklubi","og_description":"20 -21 septembril 2019\u00a0 osales meie klubi t\u00fctarlaste v\u00f5rkpalli v\u00f5istkond\u00a0 L\u00e4tis ,\u00a0 Daugavpilsi Karikav\u00f5istlustel\u00a0 v\u00f5rkpallis. Hooaja esimene rahvusvaheline turniir oli meie klubi t\u00fctarlastele v\u00e4ga edukas. J\u00f5udsime finaali, kus\u00a0 v\u00f5itsime\u00a0 Daugavpilsi SK \u00a0 v\u00f5istkonda\u00a0 tulemusega\u00a0 3: 1.\u00a0 ja\u00a0 saavutasime\u00a0 turniiril\u00a0 I koha ! \u00d5nnitlused t\u00fctarlastele ja treenerile ilusa v\u00f5idu eest! &nbsp;","og_url":"https:\/\/palusalusk.ee\/en\/i-koht-daugvapilsi-karikavoistlustel-tutarlaste-vorkpallis\/","og_site_name":"Kristjan Palusalu Spordiklubi","article_published_time":"2019-09-28T08:47:58+00:00","article_modified_time":"2019-09-28T08:51:54+00:00","og_image":[{"width":1030,"height":773,"url":"https:\/\/palusalusk.ee\/wp-content\/uploads\/2019\/09\/IMG_7606-23-09-19-10-41-1030x773.jpg","type":"image\/jpeg"}],"author":"Sven Vooglaid","twitter_misc":{"Written by":"Sven Vooglaid"},"schema":{"@context":"https:\/\/schema.org","@graph":[{"@type":"Article","@id":"https:\/\/palusalusk.ee\/i-koht-daugvapilsi-karikavoistlustel-tutarlaste-vorkpallis\/#article","isPartOf":{"@id":"https:\/\/palusalusk.ee\/i-koht-daugvapilsi-karikavoistlustel-tutarlaste-vorkpallis\/"},"author":{"name":"Sven Vooglaid","@id":"https:\/\/palusalusk.ee\/#\/schema\/person\/3c4c182fea786be303f3f8bd43e1dd83"},"headline":"I koht Daugvapilsi Karikav\u00f5istlustel T\u00fctarlaste v\u00f5rkpallis","datePublished":"2019-09-28T08:47:58+00:00","dateModified":"2019-09-28T08:51:54+00:00","mainEntityOfPage":{"@id":"https:\/\/palusalusk.ee\/i-koht-daugvapilsi-karikavoistlustel-tutarlaste-vorkpallis\/"},"wordCount":65,"image":{"@id":"https:\/\/palusalusk.ee\/i-koht-daugvapilsi-karikavoistlustel-tutarlaste-vorkpallis\/#primaryimage"},"thumbnailUrl":"https:\/\/palusalusk.ee\/wp-content\/uploads\/2019\/09\/IMG_7606-23-09-19-10-41.jpg","articleSection":["Uudised"],"inLanguage":"en-US"},{"@type":"WebPage","@id":"https:\/\/palusalusk.ee\/i-koht-daugvapilsi-karikavoistlustel-tutarlaste-vorkpallis\/","url":"https:\/\/palusalusk.ee\/i-koht-daugvapilsi-karikavoistlustel-tutarlaste-vorkpallis\/","name":"I koht Daugvapilsi Karikav\u00f5istlustel T\u00fctarlaste v\u00f5rkpallis - Kristjan Palusalu Spordiklubi","isPartOf":{"@id":"https:\/\/palusalusk.ee\/#website"},"primaryImageOfPage":{"@id":"https:\/\/palusalusk.ee\/i-koht-daugvapilsi-karikavoistlustel-tutarlaste-vorkpallis\/#primaryimage"},"image":{"@id":"https:\/\/palusalusk.ee\/i-koht-daugvapilsi-karikavoistlustel-tutarlaste-vorkpallis\/#primaryimage"},"thumbnailUrl":"https:\/\/palusalusk.ee\/wp-content\/uploads\/2019\/09\/IMG_7606-23-09-19-10-41.jpg","datePublished":"2019-09-28T08:47:58+00:00","dateModified":"2019-09-28T08:51:54+00:00","author":{"@id":"https:\/\/palusalusk.ee\/#\/schema\/person\/3c4c182fea786be303f3f8bd43e1dd83"},"breadcrumb":{"@id":"https:\/\/palusalusk.ee\/i-koht-daugvapilsi-karikavoistlustel-tutarlaste-vorkpallis\/#breadcrumb"},"inLanguage":"en-US","potentialAction":[{"@type":"ReadAction","target":["https:\/\/palusalusk.ee\/i-koht-daugvapilsi-karikavoistlustel-tutarlaste-vorkpallis\/"]}]},{"@type":"ImageObject","inLanguage":"en-US","@id":"https:\/\/palusalusk.ee\/i-koht-daugvapilsi-karikavoistlustel-tutarlaste-vorkpallis\/#primaryimage","url":"https:\/\/palusalusk.ee\/wp-content\/uploads\/2019\/09\/IMG_7606-23-09-19-10-41.jpg","contentUrl":"https:\/\/palusalusk.ee\/wp-content\/uploads\/2019\/09\/IMG_7606-23-09-19-10-41.jpg","width":1920,"height":1440},{"@type":"BreadcrumbList","@id":"https:\/\/palusalusk.ee\/i-koht-daugvapilsi-karikavoistlustel-tutarlaste-vorkpallis\/#breadcrumb","itemListElement":[{"@type":"ListItem","position":1,"name":"Home","item":"https:\/\/palusalusk.ee\/avaleht\/"},{"@type":"ListItem","position":2,"name":"I koht Daugvapilsi Karikav\u00f5istlustel T\u00fctarlaste v\u00f5rkpallis"}]},{"@type":"WebSite","@id":"https:\/\/palusalusk.ee\/#website","url":"https:\/\/palusalusk.ee\/","name":"Kristjan Palusalu Spordiklubi","description":"J\u00e4rjekordne WordPressi veebileht","potentialAction":[{"@type":"SearchAction","target":{"@type":"EntryPoint","urlTemplate":"https:\/\/palusalusk.ee\/?s={search_term_string}"},"query-input":{"@type":"PropertyValueSpecification","valueRequired":true,"valueName":"search_term_string"}}],"inLanguage":"en-US"},{"@type":"Person","@id":"https:\/\/palusalusk.ee\/#\/schema\/person\/3c4c182fea786be303f3f8bd43e1dd83","name":"Sven Vooglaid","image":{"@type":"ImageObject","inLanguage":"en-US","@id":"https:\/\/secure.gravatar.com\/avatar\/901754264a5a5c434593398940b7417877c97a03816bc8025f0ae7749aefddb1?s=96&d=mm&r=g","url":"https:\/\/secure.gravatar.com\/avatar\/901754264a5a5c434593398940b7417877c97a03816bc8025f0ae7749aefddb1?s=96&d=mm&r=g","contentUrl":"https:\/\/secure.gravatar.com\/avatar\/901754264a5a5c434593398940b7417877c97a03816bc8025f0ae7749aefddb1?s=96&d=mm&r=g","caption":"Sven Vooglaid"}}]}},"_links":{"self":[{"href":"https:\/\/palusalusk.ee\/en\/wp-json\/wp\/v2\/posts\/12835","targetHints":{"allow":["GET"]}}],"collection":[{"href":"https:\/\/palusalusk.ee\/en\/wp-json\/wp\/v2\/posts"}],"about":[{"href":"https:\/\/palusalusk.ee\/en\/wp-json\/wp\/v2\/types\/post"}],"author":[{"embeddable":true,"href":"https:\/\/palusalusk.ee\/en\/wp-json\/wp\/v2\/users\/2"}],"replies":[{"embeddable":true,"href":"https:\/\/palusalusk.ee\/en\/wp-json\/wp\/v2\/comments?post=12835"}],"version-history":[{"count":4,"href":"https:\/\/palusalusk.ee\/en\/wp-json\/wp\/v2\/posts\/12835\/revisions"}],"predecessor-version":[{"id":12841,"href":"https:\/\/palusalusk.ee\/en\/wp-json\/wp\/v2\/posts\/12835\/revisions\/12841"}],"wp:featuredmedia":[{"embeddable":true,"href":"https:\/\/palusalusk.ee\/en\/wp-json\/wp\/v2\/media\/12836"}],"wp:attachment":[{"href":"https:\/\/palusalusk.ee\/en\/wp-json\/wp\/v2\/media?parent=12835"}],"wp:term":[{"taxonomy":"category","embeddable":true,"href":"https:\/\/palusalusk.ee\/en\/wp-json\/wp\/v2\/categories?post=12835"},{"taxonomy":"post_tag","embeddable":true,"href":"https:\/\/palusalusk.ee\/en\/wp-json\/wp\/v2\/tags?post=12835"}],"curies":[{"name":"wp","href":"https:\/\/api.w.org\/{rel}","templated":true}]}}