{"id":12258,"date":"2019-06-18T09:22:40","date_gmt":"2019-06-18T06:22:40","guid":{"rendered":"http:\/\/palusaluklubi.ee\/?p=12258"},"modified":"2019-06-18T20:38:19","modified_gmt":"2019-06-18T17:38:19","slug":"eesti-juunioride-ja-noorte-mv-ujumises-15-17-juuni-2019-tartu-aura-ujulas","status":"publish","type":"post","link":"https:\/\/palusalusk.ee\/en\/eesti-juunioride-ja-noorte-mv-ujumises-15-17-juuni-2019-tartu-aura-ujulas\/","title":{"rendered":"Eesti Juunioride ja Noorte MV ujumises 15-17 juuni 2019 Tartu AURA  ujulas."},"content":{"rendered":"<p>15 &#8211; 17 juuni 2019\u00a0 peeti Tartus , AURA Veekeskuse ujulas\u00a0 k\u00e4esoleva hooaja Eesti Juunioride ja Noorte\u00a0 Meistriv\u00f5istlused ujumises.<\/p>\n<p>Sellele v\u00f5istlusele p\u00e4\u00e4sesid ja v\u00f5istlesid\u00a0 eelnevate normatiivide t\u00e4itmise j\u00e4rgi 6 meie klubi noort ujujat.<\/p>\n<p>T\u00fcdrukutest\u00a0 Laura Pae\u00a0 ja Gretel Punt<\/p>\n<p>Poistest\u00a0\u00a0\u00a0\u00a0\u00a0\u00a0\u00a0\u00a0\u00a0\u00a0 Erik Jablokov, Sixten Heinloo, Rannar Laast, Artur Hunt.<\/p>\n<p>Ujuti igati h\u00e4sti ja mitmed uued isiklikud rekordid olid j\u00e4lle tehtud.<\/p>\n<p>Parimateks meie lastst olid Laura ja Erik,\u00a0 kes ujusid 50 ja 100 m rinnuli ujumise B finaalides.<\/p>\n<p>Kohe on algamas\u00a0 n\u00fc\u00fcd\u00a0 suvepuhkus ja uut hooaega alustame suvelaagriga\u00a0 augusti kuul\u00a0 Haapsalus.<\/p>\n<p>&nbsp;<\/p>\n<p>Meie klubi noorte tulemused:\u00a0 <a href=\"https:\/\/palusaluklubi.ee\/wp-content\/uploads\/2019\/06\/Eesti-Noorte-ja-Jun.-MV-ujumises-15-17.06-Tartus.pdf\">Eesti Noorte ja Jun. MV ujumises 15-17.06 Tartus<\/a><\/p>\n<p>V\u00f5istluste protokoll:\u00a0\u00a0\u00a0\u00a0\u00a0\u00a0\u00a0\u00a0\u00a0\u00a0\u00a0\u00a0\u00a0\u00a0\u00a0\u00a0\u00a0\u00a0\u00a0 <a href=\"https:\/\/palusaluklubi.ee\/wp-content\/uploads\/2019\/06\/EJNMV_LC_2019_tulemused.pdf\">EJNMV_LC_2019_tulemused<\/a><\/p>\n<p>&nbsp;<\/p>\n<p><img loading=\"lazy\" decoding=\"async\" class=\"alignnone size-medium wp-image-12262\" src=\"https:\/\/palusaluklubi.ee\/wp-content\/uploads\/2019\/06\/DSC04928-300x225.jpg\" alt=\"\" width=\"300\" height=\"225\" srcset=\"https:\/\/palusalusk.ee\/wp-content\/uploads\/2019\/06\/DSC04928-300x225.jpg 300w, https:\/\/palusalusk.ee\/wp-content\/uploads\/2019\/06\/DSC04928-1030x773.jpg 1030w, https:\/\/palusalusk.ee\/wp-content\/uploads\/2019\/06\/DSC04928-705x529.jpg 705w, https:\/\/palusalusk.ee\/wp-content\/uploads\/2019\/06\/DSC04928.jpg 1920w\" sizes=\"auto, (max-width: 300px) 100vw, 300px\" \/>\u00a0 <img loading=\"lazy\" decoding=\"async\" class=\"alignnone size-medium wp-image-12263\" src=\"https:\/\/palusaluklubi.ee\/wp-content\/uploads\/2019\/06\/Teate-v\u00f5istkond--300x225.jpg\" alt=\"\" width=\"300\" height=\"225\" srcset=\"https:\/\/palusalusk.ee\/wp-content\/uploads\/2019\/06\/Teate-v\u00f5istkond--300x225.jpg 300w, https:\/\/palusalusk.ee\/wp-content\/uploads\/2019\/06\/Teate-v\u00f5istkond--1030x773.jpg 1030w, https:\/\/palusalusk.ee\/wp-content\/uploads\/2019\/06\/Teate-v\u00f5istkond--705x529.jpg 705w, https:\/\/palusalusk.ee\/wp-content\/uploads\/2019\/06\/Teate-v\u00f5istkond-.jpg 1920w\" sizes=\"auto, (max-width: 300px) 100vw, 300px\" \/><\/p>\n<p>Pilte v\u00f5istlustest vaata <span style=\"color: #ff0000;\"><strong>\u00a0<a href=\"https:\/\/palusaluklubi.ee\/2019-aasta\/ej-n-mv-ujumises-06-19\/\"> <span style=\"color: #000080;\">SIIN<\/span><\/a><\/strong><\/span><\/p>\n<input class=\"fooboxshare_post_id\" type=\"hidden\" value=\"12258\"\/>","protected":false},"excerpt":{"rendered":"<p>15 &#8211; 17 juuni 2019\u00a0 peeti Tartus , AURA Veekeskuse ujulas\u00a0 k\u00e4esoleva hooaja Eesti Juunioride ja Noorte\u00a0 Meistriv\u00f5istlused ujumises. Sellele v\u00f5istlusele p\u00e4\u00e4sesid ja v\u00f5istlesid\u00a0 eelnevate normatiivide t\u00e4itmise j\u00e4rgi 6 meie klubi noort ujujat. T\u00fcdrukutest\u00a0 Laura Pae\u00a0 ja Gretel Punt Poistest\u00a0\u00a0\u00a0\u00a0\u00a0\u00a0\u00a0\u00a0\u00a0\u00a0 Erik Jablokov, Sixten Heinloo, Rannar Laast, Artur Hunt. Ujuti igati h\u00e4sti ja mitmed uued isiklikud [&hellip;]<\/p>\n","protected":false},"author":2,"featured_media":12264,"comment_status":"closed","ping_status":"closed","sticky":false,"template":"","format":"image","meta":{"footnotes":""},"categories":[1,33],"tags":[],"class_list":["post-12258","post","type-post","status-publish","format-image","has-post-thumbnail","hentry","category-koik","category-uudised","post_format-post-format-image"],"yoast_head":"<!-- This site is optimized with the Yoast SEO plugin v27.5 - https:\/\/yoast.com\/product\/yoast-seo-wordpress\/ -->\n<title>Eesti Juunioride ja Noorte MV ujumises 15-17 juuni 2019 Tartu AURA ujulas. - Kristjan Palusalu Spordiklubi<\/title>\n<meta name=\"robots\" content=\"index, follow, max-snippet:-1, max-image-preview:large, max-video-preview:-1\" \/>\n<link rel=\"canonical\" href=\"https:\/\/palusalusk.ee\/en\/eesti-juunioride-ja-noorte-mv-ujumises-15-17-juuni-2019-tartu-aura-ujulas\/\" \/>\n<meta property=\"og:locale\" content=\"en_US\" \/>\n<meta property=\"og:type\" content=\"article\" \/>\n<meta property=\"og:title\" content=\"Eesti Juunioride ja Noorte MV ujumises 15-17 juuni 2019 Tartu AURA ujulas. - Kristjan Palusalu Spordiklubi\" \/>\n<meta property=\"og:description\" content=\"15 &#8211; 17 juuni 2019\u00a0 peeti Tartus , AURA Veekeskuse ujulas\u00a0 k\u00e4esoleva hooaja Eesti Juunioride ja Noorte\u00a0 Meistriv\u00f5istlused ujumises. Sellele v\u00f5istlusele p\u00e4\u00e4sesid ja v\u00f5istlesid\u00a0 eelnevate normatiivide t\u00e4itmise j\u00e4rgi 6 meie klubi noort ujujat. T\u00fcdrukutest\u00a0 Laura Pae\u00a0 ja Gretel Punt Poistest\u00a0\u00a0\u00a0\u00a0\u00a0\u00a0\u00a0\u00a0\u00a0\u00a0 Erik Jablokov, Sixten Heinloo, Rannar Laast, Artur Hunt. Ujuti igati h\u00e4sti ja mitmed uued isiklikud [&hellip;]\" \/>\n<meta property=\"og:url\" content=\"https:\/\/palusalusk.ee\/en\/eesti-juunioride-ja-noorte-mv-ujumises-15-17-juuni-2019-tartu-aura-ujulas\/\" \/>\n<meta property=\"og:site_name\" content=\"Kristjan Palusalu Spordiklubi\" \/>\n<meta property=\"article:published_time\" content=\"2019-06-18T06:22:40+00:00\" \/>\n<meta property=\"article:modified_time\" content=\"2019-06-18T17:38:19+00:00\" \/>\n<meta property=\"og:image\" content=\"https:\/\/palusalusk.ee\/wp-content\/uploads\/2019\/06\/DSC04926-1030x773.jpg\" \/>\n\t<meta property=\"og:image:width\" content=\"1030\" \/>\n\t<meta property=\"og:image:height\" content=\"773\" \/>\n\t<meta property=\"og:image:type\" content=\"image\/jpeg\" \/>\n<meta name=\"author\" content=\"Sven Vooglaid\" \/>\n<meta name=\"twitter:label1\" content=\"Written by\" \/>\n\t<meta name=\"twitter:data1\" content=\"Sven Vooglaid\" \/>\n\t<meta name=\"twitter:label2\" content=\"Est. reading time\" \/>\n\t<meta name=\"twitter:data2\" content=\"1 minute\" \/>\n<script type=\"application\/ld+json\" class=\"yoast-schema-graph\">{\"@context\":\"https:\\\/\\\/schema.org\",\"@graph\":[{\"@type\":\"Article\",\"@id\":\"https:\\\/\\\/palusalusk.ee\\\/eesti-juunioride-ja-noorte-mv-ujumises-15-17-juuni-2019-tartu-aura-ujulas\\\/#article\",\"isPartOf\":{\"@id\":\"https:\\\/\\\/palusalusk.ee\\\/eesti-juunioride-ja-noorte-mv-ujumises-15-17-juuni-2019-tartu-aura-ujulas\\\/\"},\"author\":{\"name\":\"Sven Vooglaid\",\"@id\":\"https:\\\/\\\/palusalusk.ee\\\/#\\\/schema\\\/person\\\/3c4c182fea786be303f3f8bd43e1dd83\"},\"headline\":\"Eesti Juunioride ja Noorte MV ujumises 15-17 juuni 2019 Tartu AURA ujulas.\",\"datePublished\":\"2019-06-18T06:22:40+00:00\",\"dateModified\":\"2019-06-18T17:38:19+00:00\",\"mainEntityOfPage\":{\"@id\":\"https:\\\/\\\/palusalusk.ee\\\/eesti-juunioride-ja-noorte-mv-ujumises-15-17-juuni-2019-tartu-aura-ujulas\\\/\"},\"wordCount\":129,\"image\":{\"@id\":\"https:\\\/\\\/palusalusk.ee\\\/eesti-juunioride-ja-noorte-mv-ujumises-15-17-juuni-2019-tartu-aura-ujulas\\\/#primaryimage\"},\"thumbnailUrl\":\"https:\\\/\\\/palusalusk.ee\\\/wp-content\\\/uploads\\\/2019\\\/06\\\/DSC04926.jpg\",\"articleSection\":[\"Rubriigid\",\"Uudised\"],\"inLanguage\":\"en-US\"},{\"@type\":\"WebPage\",\"@id\":\"https:\\\/\\\/palusalusk.ee\\\/eesti-juunioride-ja-noorte-mv-ujumises-15-17-juuni-2019-tartu-aura-ujulas\\\/\",\"url\":\"https:\\\/\\\/palusalusk.ee\\\/eesti-juunioride-ja-noorte-mv-ujumises-15-17-juuni-2019-tartu-aura-ujulas\\\/\",\"name\":\"Eesti Juunioride ja Noorte MV ujumises 15-17 juuni 2019 Tartu AURA ujulas. - Kristjan Palusalu Spordiklubi\",\"isPartOf\":{\"@id\":\"https:\\\/\\\/palusalusk.ee\\\/#website\"},\"primaryImageOfPage\":{\"@id\":\"https:\\\/\\\/palusalusk.ee\\\/eesti-juunioride-ja-noorte-mv-ujumises-15-17-juuni-2019-tartu-aura-ujulas\\\/#primaryimage\"},\"image\":{\"@id\":\"https:\\\/\\\/palusalusk.ee\\\/eesti-juunioride-ja-noorte-mv-ujumises-15-17-juuni-2019-tartu-aura-ujulas\\\/#primaryimage\"},\"thumbnailUrl\":\"https:\\\/\\\/palusalusk.ee\\\/wp-content\\\/uploads\\\/2019\\\/06\\\/DSC04926.jpg\",\"datePublished\":\"2019-06-18T06:22:40+00:00\",\"dateModified\":\"2019-06-18T17:38:19+00:00\",\"author\":{\"@id\":\"https:\\\/\\\/palusalusk.ee\\\/#\\\/schema\\\/person\\\/3c4c182fea786be303f3f8bd43e1dd83\"},\"breadcrumb\":{\"@id\":\"https:\\\/\\\/palusalusk.ee\\\/eesti-juunioride-ja-noorte-mv-ujumises-15-17-juuni-2019-tartu-aura-ujulas\\\/#breadcrumb\"},\"inLanguage\":\"en-US\",\"potentialAction\":[{\"@type\":\"ReadAction\",\"target\":[\"https:\\\/\\\/palusalusk.ee\\\/eesti-juunioride-ja-noorte-mv-ujumises-15-17-juuni-2019-tartu-aura-ujulas\\\/\"]}]},{\"@type\":\"ImageObject\",\"inLanguage\":\"en-US\",\"@id\":\"https:\\\/\\\/palusalusk.ee\\\/eesti-juunioride-ja-noorte-mv-ujumises-15-17-juuni-2019-tartu-aura-ujulas\\\/#primaryimage\",\"url\":\"https:\\\/\\\/palusalusk.ee\\\/wp-content\\\/uploads\\\/2019\\\/06\\\/DSC04926.jpg\",\"contentUrl\":\"https:\\\/\\\/palusalusk.ee\\\/wp-content\\\/uploads\\\/2019\\\/06\\\/DSC04926.jpg\",\"width\":1920,\"height\":1440},{\"@type\":\"BreadcrumbList\",\"@id\":\"https:\\\/\\\/palusalusk.ee\\\/eesti-juunioride-ja-noorte-mv-ujumises-15-17-juuni-2019-tartu-aura-ujulas\\\/#breadcrumb\",\"itemListElement\":[{\"@type\":\"ListItem\",\"position\":1,\"name\":\"Home\",\"item\":\"https:\\\/\\\/palusalusk.ee\\\/avaleht\\\/\"},{\"@type\":\"ListItem\",\"position\":2,\"name\":\"Eesti Juunioride ja Noorte MV ujumises 15-17 juuni 2019 Tartu AURA ujulas.\"}]},{\"@type\":\"WebSite\",\"@id\":\"https:\\\/\\\/palusalusk.ee\\\/#website\",\"url\":\"https:\\\/\\\/palusalusk.ee\\\/\",\"name\":\"Kristjan Palusalu Spordiklubi\",\"description\":\"J\u00e4rjekordne WordPressi veebileht\",\"potentialAction\":[{\"@type\":\"SearchAction\",\"target\":{\"@type\":\"EntryPoint\",\"urlTemplate\":\"https:\\\/\\\/palusalusk.ee\\\/?s={search_term_string}\"},\"query-input\":{\"@type\":\"PropertyValueSpecification\",\"valueRequired\":true,\"valueName\":\"search_term_string\"}}],\"inLanguage\":\"en-US\"},{\"@type\":\"Person\",\"@id\":\"https:\\\/\\\/palusalusk.ee\\\/#\\\/schema\\\/person\\\/3c4c182fea786be303f3f8bd43e1dd83\",\"name\":\"Sven Vooglaid\",\"image\":{\"@type\":\"ImageObject\",\"inLanguage\":\"en-US\",\"@id\":\"https:\\\/\\\/secure.gravatar.com\\\/avatar\\\/901754264a5a5c434593398940b7417877c97a03816bc8025f0ae7749aefddb1?s=96&d=mm&r=g\",\"url\":\"https:\\\/\\\/secure.gravatar.com\\\/avatar\\\/901754264a5a5c434593398940b7417877c97a03816bc8025f0ae7749aefddb1?s=96&d=mm&r=g\",\"contentUrl\":\"https:\\\/\\\/secure.gravatar.com\\\/avatar\\\/901754264a5a5c434593398940b7417877c97a03816bc8025f0ae7749aefddb1?s=96&d=mm&r=g\",\"caption\":\"Sven Vooglaid\"}}]}<\/script>\n<!-- \/ Yoast SEO plugin. -->","yoast_head_json":{"title":"Eesti Juunioride ja Noorte MV ujumises 15-17 juuni 2019 Tartu AURA ujulas. - Kristjan Palusalu Spordiklubi","robots":{"index":"index","follow":"follow","max-snippet":"max-snippet:-1","max-image-preview":"max-image-preview:large","max-video-preview":"max-video-preview:-1"},"canonical":"https:\/\/palusalusk.ee\/en\/eesti-juunioride-ja-noorte-mv-ujumises-15-17-juuni-2019-tartu-aura-ujulas\/","og_locale":"en_US","og_type":"article","og_title":"Eesti Juunioride ja Noorte MV ujumises 15-17 juuni 2019 Tartu AURA ujulas. - Kristjan Palusalu Spordiklubi","og_description":"15 &#8211; 17 juuni 2019\u00a0 peeti Tartus , AURA Veekeskuse ujulas\u00a0 k\u00e4esoleva hooaja Eesti Juunioride ja Noorte\u00a0 Meistriv\u00f5istlused ujumises. Sellele v\u00f5istlusele p\u00e4\u00e4sesid ja v\u00f5istlesid\u00a0 eelnevate normatiivide t\u00e4itmise j\u00e4rgi 6 meie klubi noort ujujat. T\u00fcdrukutest\u00a0 Laura Pae\u00a0 ja Gretel Punt Poistest\u00a0\u00a0\u00a0\u00a0\u00a0\u00a0\u00a0\u00a0\u00a0\u00a0 Erik Jablokov, Sixten Heinloo, Rannar Laast, Artur Hunt. Ujuti igati h\u00e4sti ja mitmed uued isiklikud [&hellip;]","og_url":"https:\/\/palusalusk.ee\/en\/eesti-juunioride-ja-noorte-mv-ujumises-15-17-juuni-2019-tartu-aura-ujulas\/","og_site_name":"Kristjan Palusalu Spordiklubi","article_published_time":"2019-06-18T06:22:40+00:00","article_modified_time":"2019-06-18T17:38:19+00:00","og_image":[{"width":1030,"height":773,"url":"https:\/\/palusalusk.ee\/wp-content\/uploads\/2019\/06\/DSC04926-1030x773.jpg","type":"image\/jpeg"}],"author":"Sven Vooglaid","twitter_misc":{"Written by":"Sven Vooglaid","Est. reading time":"1 minute"},"schema":{"@context":"https:\/\/schema.org","@graph":[{"@type":"Article","@id":"https:\/\/palusalusk.ee\/eesti-juunioride-ja-noorte-mv-ujumises-15-17-juuni-2019-tartu-aura-ujulas\/#article","isPartOf":{"@id":"https:\/\/palusalusk.ee\/eesti-juunioride-ja-noorte-mv-ujumises-15-17-juuni-2019-tartu-aura-ujulas\/"},"author":{"name":"Sven Vooglaid","@id":"https:\/\/palusalusk.ee\/#\/schema\/person\/3c4c182fea786be303f3f8bd43e1dd83"},"headline":"Eesti Juunioride ja Noorte MV ujumises 15-17 juuni 2019 Tartu AURA ujulas.","datePublished":"2019-06-18T06:22:40+00:00","dateModified":"2019-06-18T17:38:19+00:00","mainEntityOfPage":{"@id":"https:\/\/palusalusk.ee\/eesti-juunioride-ja-noorte-mv-ujumises-15-17-juuni-2019-tartu-aura-ujulas\/"},"wordCount":129,"image":{"@id":"https:\/\/palusalusk.ee\/eesti-juunioride-ja-noorte-mv-ujumises-15-17-juuni-2019-tartu-aura-ujulas\/#primaryimage"},"thumbnailUrl":"https:\/\/palusalusk.ee\/wp-content\/uploads\/2019\/06\/DSC04926.jpg","articleSection":["Rubriigid","Uudised"],"inLanguage":"en-US"},{"@type":"WebPage","@id":"https:\/\/palusalusk.ee\/eesti-juunioride-ja-noorte-mv-ujumises-15-17-juuni-2019-tartu-aura-ujulas\/","url":"https:\/\/palusalusk.ee\/eesti-juunioride-ja-noorte-mv-ujumises-15-17-juuni-2019-tartu-aura-ujulas\/","name":"Eesti Juunioride ja Noorte MV ujumises 15-17 juuni 2019 Tartu AURA ujulas. - Kristjan Palusalu Spordiklubi","isPartOf":{"@id":"https:\/\/palusalusk.ee\/#website"},"primaryImageOfPage":{"@id":"https:\/\/palusalusk.ee\/eesti-juunioride-ja-noorte-mv-ujumises-15-17-juuni-2019-tartu-aura-ujulas\/#primaryimage"},"image":{"@id":"https:\/\/palusalusk.ee\/eesti-juunioride-ja-noorte-mv-ujumises-15-17-juuni-2019-tartu-aura-ujulas\/#primaryimage"},"thumbnailUrl":"https:\/\/palusalusk.ee\/wp-content\/uploads\/2019\/06\/DSC04926.jpg","datePublished":"2019-06-18T06:22:40+00:00","dateModified":"2019-06-18T17:38:19+00:00","author":{"@id":"https:\/\/palusalusk.ee\/#\/schema\/person\/3c4c182fea786be303f3f8bd43e1dd83"},"breadcrumb":{"@id":"https:\/\/palusalusk.ee\/eesti-juunioride-ja-noorte-mv-ujumises-15-17-juuni-2019-tartu-aura-ujulas\/#breadcrumb"},"inLanguage":"en-US","potentialAction":[{"@type":"ReadAction","target":["https:\/\/palusalusk.ee\/eesti-juunioride-ja-noorte-mv-ujumises-15-17-juuni-2019-tartu-aura-ujulas\/"]}]},{"@type":"ImageObject","inLanguage":"en-US","@id":"https:\/\/palusalusk.ee\/eesti-juunioride-ja-noorte-mv-ujumises-15-17-juuni-2019-tartu-aura-ujulas\/#primaryimage","url":"https:\/\/palusalusk.ee\/wp-content\/uploads\/2019\/06\/DSC04926.jpg","contentUrl":"https:\/\/palusalusk.ee\/wp-content\/uploads\/2019\/06\/DSC04926.jpg","width":1920,"height":1440},{"@type":"BreadcrumbList","@id":"https:\/\/palusalusk.ee\/eesti-juunioride-ja-noorte-mv-ujumises-15-17-juuni-2019-tartu-aura-ujulas\/#breadcrumb","itemListElement":[{"@type":"ListItem","position":1,"name":"Home","item":"https:\/\/palusalusk.ee\/avaleht\/"},{"@type":"ListItem","position":2,"name":"Eesti Juunioride ja Noorte MV ujumises 15-17 juuni 2019 Tartu AURA ujulas."}]},{"@type":"WebSite","@id":"https:\/\/palusalusk.ee\/#website","url":"https:\/\/palusalusk.ee\/","name":"Kristjan Palusalu Spordiklubi","description":"J\u00e4rjekordne WordPressi veebileht","potentialAction":[{"@type":"SearchAction","target":{"@type":"EntryPoint","urlTemplate":"https:\/\/palusalusk.ee\/?s={search_term_string}"},"query-input":{"@type":"PropertyValueSpecification","valueRequired":true,"valueName":"search_term_string"}}],"inLanguage":"en-US"},{"@type":"Person","@id":"https:\/\/palusalusk.ee\/#\/schema\/person\/3c4c182fea786be303f3f8bd43e1dd83","name":"Sven Vooglaid","image":{"@type":"ImageObject","inLanguage":"en-US","@id":"https:\/\/secure.gravatar.com\/avatar\/901754264a5a5c434593398940b7417877c97a03816bc8025f0ae7749aefddb1?s=96&d=mm&r=g","url":"https:\/\/secure.gravatar.com\/avatar\/901754264a5a5c434593398940b7417877c97a03816bc8025f0ae7749aefddb1?s=96&d=mm&r=g","contentUrl":"https:\/\/secure.gravatar.com\/avatar\/901754264a5a5c434593398940b7417877c97a03816bc8025f0ae7749aefddb1?s=96&d=mm&r=g","caption":"Sven Vooglaid"}}]}},"_links":{"self":[{"href":"https:\/\/palusalusk.ee\/en\/wp-json\/wp\/v2\/posts\/12258","targetHints":{"allow":["GET"]}}],"collection":[{"href":"https:\/\/palusalusk.ee\/en\/wp-json\/wp\/v2\/posts"}],"about":[{"href":"https:\/\/palusalusk.ee\/en\/wp-json\/wp\/v2\/types\/post"}],"author":[{"embeddable":true,"href":"https:\/\/palusalusk.ee\/en\/wp-json\/wp\/v2\/users\/2"}],"replies":[{"embeddable":true,"href":"https:\/\/palusalusk.ee\/en\/wp-json\/wp\/v2\/comments?post=12258"}],"version-history":[{"count":7,"href":"https:\/\/palusalusk.ee\/en\/wp-json\/wp\/v2\/posts\/12258\/revisions"}],"predecessor-version":[{"id":12303,"href":"https:\/\/palusalusk.ee\/en\/wp-json\/wp\/v2\/posts\/12258\/revisions\/12303"}],"wp:featuredmedia":[{"embeddable":true,"href":"https:\/\/palusalusk.ee\/en\/wp-json\/wp\/v2\/media\/12264"}],"wp:attachment":[{"href":"https:\/\/palusalusk.ee\/en\/wp-json\/wp\/v2\/media?parent=12258"}],"wp:term":[{"taxonomy":"category","embeddable":true,"href":"https:\/\/palusalusk.ee\/en\/wp-json\/wp\/v2\/categories?post=12258"},{"taxonomy":"post_tag","embeddable":true,"href":"https:\/\/palusalusk.ee\/en\/wp-json\/wp\/v2\/tags?post=12258"}],"curies":[{"name":"wp","href":"https:\/\/api.w.org\/{rel}","templated":true}]}}